{"id":945,"date":"2025-11-12T11:00:21","date_gmt":"2025-11-12T11:00:21","guid":{"rendered":"https:\/\/laptopistanbul.com\/blog\/beykoz-2-el-m2-macbook-alan-yerler\/"},"modified":"2025-11-12T11:00:21","modified_gmt":"2025-11-12T11:00:21","slug":"beykoz-2-el-m2-macbook-alan-yerler","status":"publish","type":"post","link":"https:\/\/laptopistanbul.com\/blog\/beykoz-2-el-m2-macbook-alan-yerler\/","title":{"rendered":"Beykoz 2. el M2 MacBook Alan Yerler"},"content":{"rendered":"<p><title>Beykoz 2. el M2 MacBook Alan Yerler \u2013 Hemen Nakit \u00d6deme!<\/title><\/p>\n<h2>Beykoz&#8217;da M2 MacBook&#8217;unuzu Satman\u0131n En H\u0131zl\u0131 Yolu<\/h2>\n<p>E\u011fer Beykoz&#8217;da ya\u015f\u0131yor ve <strong>ikinci el M2 MacBook<\/strong>\u2019unuzu satmay\u0131 d\u00fc\u015f\u00fcn\u00fcyorsan\u0131z, do\u011fru yerdesiniz! Laptopistanbul.com olarak, t\u00fcm marka ve modellerde, \u00f6zellikle de Apple \u00fcr\u00fcnlerinde uzmanla\u015fm\u0131\u015f, g\u00fcvenilir bir \u015fekilde <strong>laptop alan yerler<\/strong> aras\u0131nday\u0131z.  M2 \u00e7ipli MacBook&#8217;unuzu satarak nakde \u00e7evirmek hi\u00e7 bu kadar kolay olmam\u0131\u015ft\u0131.  Beykoz&#8217;un her k\u00f6\u015fesine (\u00c7ubuklu, Kanl\u0131ca, G\u00f6rele, Pa\u015fabah\u00e7e, Anadolu Kava\u011f\u0131 gibi) h\u0131zl\u0131 ve \u00fccretsiz ekspertiz hizmetimizle adresinize gelerek cihaz\u0131n\u0131z\u0131 de\u011ferlendiriyoruz.<\/p>\n<h2>Neden Laptopistanbul.com&#8217;u Tercih Etmelisiniz?<\/h2>\n<p>Piyasada bir\u00e7ok <strong>ikinci el laptop alan yerler<\/strong> bulunsa da, Laptopistanbul.com olarak size sundu\u011fumuz avantajlar sayesinde \u00f6ne \u00e7\u0131k\u0131yoruz.  Uzman ekibimiz, M2 MacBook\u2019unuzun piyasa de\u011ferini do\u011fru bir \u015fekilde belirleyerek size en iyi teklifi sunar.  <strong>H\u0131zl\u0131, g\u00fcvenilir ve nakit \u00f6deme garantisi<\/strong> ile Laptopistanbul.com, Beykoz\u2019daki M2 MacBook sahipleri i\u00e7in ideal bir \u00e7\u00f6z\u00fcm.  Ayr\u0131ca sadece M2 MacBook de\u011fil, di\u011fer t\u00fcm Apple \u00fcr\u00fcnlerinizi (MacBook Air, MacBook Pro, iMac, Mac Mini) ve di\u011fer marka bilgisayarlar\u0131 da de\u011ferinde al\u0131yoruz.  Beykoz&#8217;da <strong>bilgisayar alan yerler<\/strong> aras\u0131nda en \u00e7ok tercih edilen adreslerden birisi olmak i\u00e7in s\u00fcrekli kendimizi geli\u015ftiriyor ve m\u00fc\u015fteri memnuniyetini \u00f6n planda tutuyoruz.<\/p>\n<h3>M2 MacBook Satarken Nelere Dikkat Etmelisiniz?<\/h3>\n<ul>\n<li>Cihaz\u0131n\u0131z\u0131n \u015farj aletinin ve kutusunun eksiksiz oldu\u011fundan emin olun.<\/li>\n<li>Cihaz\u0131n\u0131z\u0131n temiz ve bak\u0131ml\u0131 olmas\u0131, de\u011ferini art\u0131racakt\u0131r.<\/li>\n<li>Sat\u0131\u015f \u00f6ncesinde verilerinizi yedekleyin ve cihaz\u0131n\u0131z\u0131 fabrika ayarlar\u0131na d\u00f6nd\u00fcr\u00fcn.<\/li>\n<li>G\u00fcvenilir bir al\u0131c\u0131yla \u00e7al\u0131\u015fmaya \u00f6zen g\u00f6sterin.<\/li>\n<\/ul>\n<p>Beykoz&#8217;da M2 MacBook\u2019unuzu satarken kar\u015f\u0131la\u015fabilece\u011finiz olas\u0131 sorunlardan sizi kurtarmak ve hak etti\u011finiz de\u011feri alman\u0131z\u0131 sa\u011flamak i\u00e7in buraday\u0131z.  Laptopistanbul.com, \u015feffaf ve adil bir de\u011ferlendirme s\u00fcreci sunar. M2 Macbook Pro, M2 Macbook Air veya di\u011fer M2 \u00e7ipli modelleri i\u00e7in en iyi fiyat\u0131 almak istiyorsan\u0131z, do\u011fru adrestesiniz.<\/p>\n<p>Beykoz\u2019da ya\u015fayan ve <strong>M2 MacBook alan yerler<\/strong> arayanlar i\u00e7in Laptopistanbul.com, h\u0131zl\u0131, g\u00fcvenilir ve nakit \u00f6deme imkan\u0131 sunmaktad\u0131r.  Cihaz\u0131n\u0131z\u0131n de\u011ferini \u00f6\u011frenmek ve sat\u0131\u015f s\u00fcrecini ba\u015flatmak i\u00e7in hemen bizimle ileti\u015fime ge\u00e7in.<\/p>\n<hr>\n<p>Bize hemen ula\u015farak bilgisayar\u0131n\u0131z\u0131 de\u011ferinde satabilirsiniz!<\/p>\n<p>Telefon: <a href=\"tel:+905325299280\">0532 529 9280<\/a><br \/>\nWhatsApp Destek: <a href=\"https:\/\/api.whatsapp.com\/send?phone=905325299280&amp;text=Merhaba%20ikinci%20el%20laptop%20satmak%20istiyorum.\">Buraya T\u0131klay\u0131n<\/a><\/p>\n<hr>\n","protected":false},"excerpt":{"rendered":"<p>Beykoz 2. el M2 MacBook Alan Yerler \u2013 Hemen Nakit \u00d6deme! Beykoz&#8217;da M2 MacBook&#8217;unuzu Satman\u0131n En H\u0131zl\u0131 Yolu E\u011fer Beykoz&#8217;da ya\u015f\u0131yor ve ikinci el M2 MacBook\u2019unuzu satmay\u0131 d\u00fc\u015f\u00fcn\u00fcyorsan\u0131z, do\u011fru yerdesiniz! Laptopistanbul.com olarak, t\u00fcm marka ve modellerde, \u00f6zellikle de Apple \u00fcr\u00fcnlerinde uzmanla\u015fm\u0131\u015f, g\u00fcvenilir bir \u015fekilde laptop alan yerler aras\u0131nday\u0131z. M2 \u00e7ipli MacBook&#8217;unuzu satarak nakde \u00e7evirmek hi\u00e7 &#8230; <a title=\"Beykoz 2. el M2 MacBook Alan Yerler\" class=\"read-more\" href=\"https:\/\/laptopistanbul.com\/blog\/beykoz-2-el-m2-macbook-alan-yerler\/\" aria-label=\"Read more about Beykoz 2. el M2 MacBook Alan Yerler\">Devam\u0131n\u0131 oku<\/a><\/p>\n","protected":false},"author":2,"featured_media":820,"comment_status":"","ping_status":"","sticky":false,"template":"","format":"standard","meta":{"footnotes":""},"categories":[1],"tags":[],"class_list":["post-945","post","type-post","status-publish","format-standard","has-post-thumbnail","hentry","category-laptop"],"yoast_head":"<!-- This site is optimized with the Yoast SEO plugin v27.3 - https:\/\/yoast.com\/product\/yoast-seo-wordpress\/ -->\n<title>Beykoz 2. el M2 MacBook Alan Yerler<\/title>\n<meta name=\"description\" content=\"S\u0131f\u0131r ve \u0130kinci El Laptop Sat\u0131n Al\u0131m Merkezi - Hemen \u0130leti\u015fime Ge\u00e7 0532 529 9280\" \/>\n<meta name=\"robots\" content=\"index, follow, max-snippet:-1, max-image-preview:large, max-video-preview:-1\" \/>\n<link rel=\"canonical\" href=\"https:\/\/laptopistanbul.com\/blog\/beykoz-2-el-m2-macbook-alan-yerler\/\" \/>\n<meta property=\"og:locale\" content=\"tr_TR\" \/>\n<meta property=\"og:type\" content=\"article\" \/>\n<meta property=\"og:title\" content=\"Beykoz 2. el M2 MacBook Alan Yerler\" \/>\n<meta property=\"og:description\" content=\"S\u0131f\u0131r ve \u0130kinci El Laptop Sat\u0131n Al\u0131m Merkezi - Hemen \u0130leti\u015fime Ge\u00e7 0532 529 9280\" \/>\n<meta property=\"og:url\" content=\"https:\/\/laptopistanbul.com\/blog\/beykoz-2-el-m2-macbook-alan-yerler\/\" \/>\n<meta property=\"og:site_name\" content=\"Laptop Alan Yerler - laptopistanbul.com\" \/>\n<meta property=\"article:published_time\" content=\"2025-11-12T11:00:21+00:00\" \/>\n<meta name=\"author\" content=\"laptop-alan-yerler\" \/>\n<meta name=\"twitter:card\" content=\"summary_large_image\" \/>\n<meta name=\"twitter:creator\" content=\"@laptopistanbul\" \/>\n<meta name=\"twitter:site\" content=\"@laptopistanbul\" \/>\n<meta name=\"twitter:label1\" content=\"Yazan:\" \/>\n\t<meta name=\"twitter:data1\" content=\"laptop-alan-yerler\" \/>\n\t<meta name=\"twitter:label2\" content=\"Tahmini okuma s\u00fcresi\" \/>\n\t<meta name=\"twitter:data2\" content=\"2 dakika\" \/>\n<script type=\"application\/ld+json\" class=\"yoast-schema-graph\">{\"@context\":\"https:\\\/\\\/schema.org\",\"@graph\":[{\"@type\":\"Article\",\"@id\":\"https:\\\/\\\/laptopistanbul.com\\\/blog\\\/beykoz-2-el-m2-macbook-alan-yerler\\\/#article\",\"isPartOf\":{\"@id\":\"https:\\\/\\\/laptopistanbul.com\\\/blog\\\/beykoz-2-el-m2-macbook-alan-yerler\\\/\"},\"author\":{\"name\":\"laptop-alan-yerler\",\"@id\":\"https:\\\/\\\/laptopistanbul.com\\\/blog\\\/#\\\/schema\\\/person\\\/48fc26f43d805668d52592910e7f0d53\"},\"headline\":\"Beykoz 2. el M2 MacBook Alan Yerler\",\"datePublished\":\"2025-11-12T11:00:21+00:00\",\"mainEntityOfPage\":{\"@id\":\"https:\\\/\\\/laptopistanbul.com\\\/blog\\\/beykoz-2-el-m2-macbook-alan-yerler\\\/\"},\"wordCount\":422,\"publisher\":{\"@id\":\"https:\\\/\\\/laptopistanbul.com\\\/blog\\\/#organization\"},\"image\":{\"@id\":\"https:\\\/\\\/laptopistanbul.com\\\/blog\\\/beykoz-2-el-m2-macbook-alan-yerler\\\/#primaryimage\"},\"thumbnailUrl\":\"https:\\\/\\\/laptopistanbul.com\\\/blog\\\/wp-content\\\/uploads\\\/2025\\\/10\\\/bilgisayar-alan-yerler.jpg\",\"articleSection\":[\"laptop\"],\"inLanguage\":\"tr\"},{\"@type\":\"WebPage\",\"@id\":\"https:\\\/\\\/laptopistanbul.com\\\/blog\\\/beykoz-2-el-m2-macbook-alan-yerler\\\/\",\"url\":\"https:\\\/\\\/laptopistanbul.com\\\/blog\\\/beykoz-2-el-m2-macbook-alan-yerler\\\/\",\"name\":\"Beykoz 2. el M2 MacBook Alan Yerler\",\"isPartOf\":{\"@id\":\"https:\\\/\\\/laptopistanbul.com\\\/blog\\\/#website\"},\"primaryImageOfPage\":{\"@id\":\"https:\\\/\\\/laptopistanbul.com\\\/blog\\\/beykoz-2-el-m2-macbook-alan-yerler\\\/#primaryimage\"},\"image\":{\"@id\":\"https:\\\/\\\/laptopistanbul.com\\\/blog\\\/beykoz-2-el-m2-macbook-alan-yerler\\\/#primaryimage\"},\"thumbnailUrl\":\"https:\\\/\\\/laptopistanbul.com\\\/blog\\\/wp-content\\\/uploads\\\/2025\\\/10\\\/bilgisayar-alan-yerler.jpg\",\"datePublished\":\"2025-11-12T11:00:21+00:00\",\"description\":\"S\u0131f\u0131r ve \u0130kinci El Laptop Sat\u0131n Al\u0131m Merkezi - Hemen \u0130leti\u015fime Ge\u00e7 0532 529 9280\",\"breadcrumb\":{\"@id\":\"https:\\\/\\\/laptopistanbul.com\\\/blog\\\/beykoz-2-el-m2-macbook-alan-yerler\\\/#breadcrumb\"},\"inLanguage\":\"tr\",\"potentialAction\":[{\"@type\":\"ReadAction\",\"target\":[\"https:\\\/\\\/laptopistanbul.com\\\/blog\\\/beykoz-2-el-m2-macbook-alan-yerler\\\/\"]}]},{\"@type\":\"ImageObject\",\"inLanguage\":\"tr\",\"@id\":\"https:\\\/\\\/laptopistanbul.com\\\/blog\\\/beykoz-2-el-m2-macbook-alan-yerler\\\/#primaryimage\",\"url\":\"https:\\\/\\\/laptopistanbul.com\\\/blog\\\/wp-content\\\/uploads\\\/2025\\\/10\\\/bilgisayar-alan-yerler.jpg\",\"contentUrl\":\"https:\\\/\\\/laptopistanbul.com\\\/blog\\\/wp-content\\\/uploads\\\/2025\\\/10\\\/bilgisayar-alan-yerler.jpg\",\"width\":800,\"height\":666,\"caption\":\"bilgisayar alan yerler\"},{\"@type\":\"BreadcrumbList\",\"@id\":\"https:\\\/\\\/laptopistanbul.com\\\/blog\\\/beykoz-2-el-m2-macbook-alan-yerler\\\/#breadcrumb\",\"itemListElement\":[{\"@type\":\"ListItem\",\"position\":1,\"name\":\"Anasayfa\",\"item\":\"https:\\\/\\\/laptopistanbul.com\\\/blog\\\/\"},{\"@type\":\"ListItem\",\"position\":2,\"name\":\"Beykoz 2. el M2 MacBook Alan Yerler\"}]},{\"@type\":\"WebSite\",\"@id\":\"https:\\\/\\\/laptopistanbul.com\\\/blog\\\/#website\",\"url\":\"https:\\\/\\\/laptopistanbul.com\\\/blog\\\/\",\"name\":\"Laptop Alan Yerler\",\"description\":\"S\u0131f\u0131r ve \u0130kinci El Laptop Alan Yerler\",\"publisher\":{\"@id\":\"https:\\\/\\\/laptopistanbul.com\\\/blog\\\/#organization\"},\"potentialAction\":[{\"@type\":\"SearchAction\",\"target\":{\"@type\":\"EntryPoint\",\"urlTemplate\":\"https:\\\/\\\/laptopistanbul.com\\\/blog\\\/?s={search_term_string}\"},\"query-input\":{\"@type\":\"PropertyValueSpecification\",\"valueRequired\":true,\"valueName\":\"search_term_string\"}}],\"inLanguage\":\"tr\"},{\"@type\":\"Organization\",\"@id\":\"https:\\\/\\\/laptopistanbul.com\\\/blog\\\/#organization\",\"name\":\"laptopistanbul.com\",\"alternateName\":\"Laptop \u0130stanbul\",\"url\":\"https:\\\/\\\/laptopistanbul.com\\\/blog\\\/\",\"logo\":{\"@type\":\"ImageObject\",\"inLanguage\":\"tr\",\"@id\":\"https:\\\/\\\/laptopistanbul.com\\\/blog\\\/#\\\/schema\\\/logo\\\/image\\\/\",\"url\":\"https:\\\/\\\/laptopistanbul.com\\\/blog\\\/wp-content\\\/uploads\\\/2025\\\/07\\\/logo.png\",\"contentUrl\":\"https:\\\/\\\/laptopistanbul.com\\\/blog\\\/wp-content\\\/uploads\\\/2025\\\/07\\\/logo.png\",\"width\":375,\"height\":75,\"caption\":\"laptopistanbul.com\"},\"image\":{\"@id\":\"https:\\\/\\\/laptopistanbul.com\\\/blog\\\/#\\\/schema\\\/logo\\\/image\\\/\"},\"sameAs\":[\"https:\\\/\\\/x.com\\\/laptopistanbul\"]},{\"@type\":\"Person\",\"@id\":\"https:\\\/\\\/laptopistanbul.com\\\/blog\\\/#\\\/schema\\\/person\\\/48fc26f43d805668d52592910e7f0d53\",\"name\":\"laptop-alan-yerler\",\"url\":\"https:\\\/\\\/laptopistanbul.com\\\/blog\\\/author\\\/laptop-alan-yerler\\\/\"}]}<\/script>\n<!-- \/ Yoast SEO plugin. -->","yoast_head_json":{"title":"Beykoz 2. el M2 MacBook Alan Yerler","description":"S\u0131f\u0131r ve \u0130kinci El Laptop Sat\u0131n Al\u0131m Merkezi - Hemen \u0130leti\u015fime Ge\u00e7 0532 529 9280","robots":{"index":"index","follow":"follow","max-snippet":"max-snippet:-1","max-image-preview":"max-image-preview:large","max-video-preview":"max-video-preview:-1"},"canonical":"https:\/\/laptopistanbul.com\/blog\/beykoz-2-el-m2-macbook-alan-yerler\/","og_locale":"tr_TR","og_type":"article","og_title":"Beykoz 2. el M2 MacBook Alan Yerler","og_description":"S\u0131f\u0131r ve \u0130kinci El Laptop Sat\u0131n Al\u0131m Merkezi - Hemen \u0130leti\u015fime Ge\u00e7 0532 529 9280","og_url":"https:\/\/laptopistanbul.com\/blog\/beykoz-2-el-m2-macbook-alan-yerler\/","og_site_name":"Laptop Alan Yerler - laptopistanbul.com","article_published_time":"2025-11-12T11:00:21+00:00","author":"laptop-alan-yerler","twitter_card":"summary_large_image","twitter_creator":"@laptopistanbul","twitter_site":"@laptopistanbul","twitter_misc":{"Yazan:":"laptop-alan-yerler","Tahmini okuma s\u00fcresi":"2 dakika"},"schema":{"@context":"https:\/\/schema.org","@graph":[{"@type":"Article","@id":"https:\/\/laptopistanbul.com\/blog\/beykoz-2-el-m2-macbook-alan-yerler\/#article","isPartOf":{"@id":"https:\/\/laptopistanbul.com\/blog\/beykoz-2-el-m2-macbook-alan-yerler\/"},"author":{"name":"laptop-alan-yerler","@id":"https:\/\/laptopistanbul.com\/blog\/#\/schema\/person\/48fc26f43d805668d52592910e7f0d53"},"headline":"Beykoz 2. el M2 MacBook Alan Yerler","datePublished":"2025-11-12T11:00:21+00:00","mainEntityOfPage":{"@id":"https:\/\/laptopistanbul.com\/blog\/beykoz-2-el-m2-macbook-alan-yerler\/"},"wordCount":422,"publisher":{"@id":"https:\/\/laptopistanbul.com\/blog\/#organization"},"image":{"@id":"https:\/\/laptopistanbul.com\/blog\/beykoz-2-el-m2-macbook-alan-yerler\/#primaryimage"},"thumbnailUrl":"https:\/\/laptopistanbul.com\/blog\/wp-content\/uploads\/2025\/10\/bilgisayar-alan-yerler.jpg","articleSection":["laptop"],"inLanguage":"tr"},{"@type":"WebPage","@id":"https:\/\/laptopistanbul.com\/blog\/beykoz-2-el-m2-macbook-alan-yerler\/","url":"https:\/\/laptopistanbul.com\/blog\/beykoz-2-el-m2-macbook-alan-yerler\/","name":"Beykoz 2. el M2 MacBook Alan Yerler","isPartOf":{"@id":"https:\/\/laptopistanbul.com\/blog\/#website"},"primaryImageOfPage":{"@id":"https:\/\/laptopistanbul.com\/blog\/beykoz-2-el-m2-macbook-alan-yerler\/#primaryimage"},"image":{"@id":"https:\/\/laptopistanbul.com\/blog\/beykoz-2-el-m2-macbook-alan-yerler\/#primaryimage"},"thumbnailUrl":"https:\/\/laptopistanbul.com\/blog\/wp-content\/uploads\/2025\/10\/bilgisayar-alan-yerler.jpg","datePublished":"2025-11-12T11:00:21+00:00","description":"S\u0131f\u0131r ve \u0130kinci El Laptop Sat\u0131n Al\u0131m Merkezi - Hemen \u0130leti\u015fime Ge\u00e7 0532 529 9280","breadcrumb":{"@id":"https:\/\/laptopistanbul.com\/blog\/beykoz-2-el-m2-macbook-alan-yerler\/#breadcrumb"},"inLanguage":"tr","potentialAction":[{"@type":"ReadAction","target":["https:\/\/laptopistanbul.com\/blog\/beykoz-2-el-m2-macbook-alan-yerler\/"]}]},{"@type":"ImageObject","inLanguage":"tr","@id":"https:\/\/laptopistanbul.com\/blog\/beykoz-2-el-m2-macbook-alan-yerler\/#primaryimage","url":"https:\/\/laptopistanbul.com\/blog\/wp-content\/uploads\/2025\/10\/bilgisayar-alan-yerler.jpg","contentUrl":"https:\/\/laptopistanbul.com\/blog\/wp-content\/uploads\/2025\/10\/bilgisayar-alan-yerler.jpg","width":800,"height":666,"caption":"bilgisayar alan yerler"},{"@type":"BreadcrumbList","@id":"https:\/\/laptopistanbul.com\/blog\/beykoz-2-el-m2-macbook-alan-yerler\/#breadcrumb","itemListElement":[{"@type":"ListItem","position":1,"name":"Anasayfa","item":"https:\/\/laptopistanbul.com\/blog\/"},{"@type":"ListItem","position":2,"name":"Beykoz 2. el M2 MacBook Alan Yerler"}]},{"@type":"WebSite","@id":"https:\/\/laptopistanbul.com\/blog\/#website","url":"https:\/\/laptopistanbul.com\/blog\/","name":"Laptop Alan Yerler","description":"S\u0131f\u0131r ve \u0130kinci El Laptop Alan Yerler","publisher":{"@id":"https:\/\/laptopistanbul.com\/blog\/#organization"},"potentialAction":[{"@type":"SearchAction","target":{"@type":"EntryPoint","urlTemplate":"https:\/\/laptopistanbul.com\/blog\/?s={search_term_string}"},"query-input":{"@type":"PropertyValueSpecification","valueRequired":true,"valueName":"search_term_string"}}],"inLanguage":"tr"},{"@type":"Organization","@id":"https:\/\/laptopistanbul.com\/blog\/#organization","name":"laptopistanbul.com","alternateName":"Laptop \u0130stanbul","url":"https:\/\/laptopistanbul.com\/blog\/","logo":{"@type":"ImageObject","inLanguage":"tr","@id":"https:\/\/laptopistanbul.com\/blog\/#\/schema\/logo\/image\/","url":"https:\/\/laptopistanbul.com\/blog\/wp-content\/uploads\/2025\/07\/logo.png","contentUrl":"https:\/\/laptopistanbul.com\/blog\/wp-content\/uploads\/2025\/07\/logo.png","width":375,"height":75,"caption":"laptopistanbul.com"},"image":{"@id":"https:\/\/laptopistanbul.com\/blog\/#\/schema\/logo\/image\/"},"sameAs":["https:\/\/x.com\/laptopistanbul"]},{"@type":"Person","@id":"https:\/\/laptopistanbul.com\/blog\/#\/schema\/person\/48fc26f43d805668d52592910e7f0d53","name":"laptop-alan-yerler","url":"https:\/\/laptopistanbul.com\/blog\/author\/laptop-alan-yerler\/"}]}},"_links":{"self":[{"href":"https:\/\/laptopistanbul.com\/blog\/wp-json\/wp\/v2\/posts\/945","targetHints":{"allow":["GET"]}}],"collection":[{"href":"https:\/\/laptopistanbul.com\/blog\/wp-json\/wp\/v2\/posts"}],"about":[{"href":"https:\/\/laptopistanbul.com\/blog\/wp-json\/wp\/v2\/types\/post"}],"author":[{"embeddable":true,"href":"https:\/\/laptopistanbul.com\/blog\/wp-json\/wp\/v2\/users\/2"}],"replies":[{"embeddable":true,"href":"https:\/\/laptopistanbul.com\/blog\/wp-json\/wp\/v2\/comments?post=945"}],"version-history":[{"count":0,"href":"https:\/\/laptopistanbul.com\/blog\/wp-json\/wp\/v2\/posts\/945\/revisions"}],"wp:featuredmedia":[{"embeddable":true,"href":"https:\/\/laptopistanbul.com\/blog\/wp-json\/wp\/v2\/media\/820"}],"wp:attachment":[{"href":"https:\/\/laptopistanbul.com\/blog\/wp-json\/wp\/v2\/media?parent=945"}],"wp:term":[{"taxonomy":"category","embeddable":true,"href":"https:\/\/laptopistanbul.com\/blog\/wp-json\/wp\/v2\/categories?post=945"},{"taxonomy":"post_tag","embeddable":true,"href":"https:\/\/laptopistanbul.com\/blog\/wp-json\/wp\/v2\/tags?post=945"}],"curies":[{"name":"wp","href":"https:\/\/api.w.org\/{rel}","templated":true}]}}