{"id":778,"date":"2025-10-28T06:00:22","date_gmt":"2025-10-28T06:00:22","guid":{"rendered":"https:\/\/laptopistanbul.com\/blog\/esenler-2-el-macbook-pro-alan-yerler\/"},"modified":"2025-10-28T06:00:22","modified_gmt":"2025-10-28T06:00:22","slug":"esenler-2-el-macbook-pro-alan-yerler","status":"publish","type":"post","link":"https:\/\/laptopistanbul.com\/blog\/esenler-2-el-macbook-pro-alan-yerler\/","title":{"rendered":"Esenler 2. el MacBook Pro Alan Yerler"},"content":{"rendered":"<p><title>Esenler 2. el MacBook Pro Alan Yerler \u2013 Hemen Nakit Al\u0131n!<\/title><\/p>\n<h2>Esenler\u2019de 2. El MacBook Pro Satmak Art\u0131k \u00c7ok Kolay!<\/h2>\n<p>Esenler\u2019de kullanmad\u0131\u011f\u0131n\u0131z, yeni bir modelle de\u011fi\u015ftirmek istedi\u011finiz veya nakde \u00e7evirmek istedi\u011finiz bir 2. el MacBook Pro\u2019nuz varsa, do\u011fru yerdesiniz! laptopistanbul.com olarak, Esenler ve t\u00fcm \u0130stanbul\u2019da <strong>her marka ve modelde MacBook Pro al\u0131yoruz<\/strong>. \u0130ster en son \u00e7ip \u00f6zelliklerine sahip bir model, ister birka\u00e7 y\u0131l \u00f6nce \u00e7\u0131km\u0131\u015f bir versiyon olsun, MacBook Pro\u2019nuzun de\u011ferini biliyor ve size en iyi teklifi sunuyoruz.  Eski cihaz\u0131n\u0131zdan kurtulurken ayn\u0131 zamanda cebinizi de rahatlatmak istemez misiniz?  <a href=\"https:\/\/laptopistanbul.com\/laptop-alan-yerler.html\">laptop alan yerler<\/a> aras\u0131nda en h\u0131zl\u0131 ve g\u00fcvenilir se\u00e7enek biziz.<\/p>\n<h2>Neden laptopistanbul.com\u2019u Se\u00e7melisiniz?<\/h2>\n<p>Piyasada <a href=\"https:\/\/laptopistanbul.com\/ikinci-el-laptop-alan-yerler.html\">ikinci el laptop alan yerler<\/a> olduk\u00e7a fazla. Ancak laptopistanbul.com, di\u011ferlerinden farkl\u0131 olarak size bir dizi avantaj sunuyor:<\/p>\n<ul>\n<li><strong>H\u0131zl\u0131 De\u011ferlendirme:<\/strong> MacBook Pro\u2019nuzun de\u011ferini belirlemek i\u00e7in \u00fccretsiz ve h\u0131zl\u0131 bir de\u011ferlendirme hizmeti sunuyoruz.<\/li>\n<li><strong>Nakit \u00d6deme:<\/strong> Cihaz\u0131n\u0131z\u0131n de\u011ferinde, an\u0131nda nakit \u00f6deme yap\u0131yoruz.<\/li>\n<li><strong>G\u00fcvenilir Hizmet:<\/strong> \u015eeffaf ve d\u00fcr\u00fcst bir hizmet anlay\u0131\u015f\u0131yla \u00e7al\u0131\u015f\u0131yoruz. M\u00fc\u015fteri memnuniyeti bizim \u00f6nceli\u011fimizdir.<\/li>\n<li><strong>Esenler\u2019e \u00d6zel Hizmet:<\/strong> Esenler\u2019deki m\u00fc\u015fterilerimize ayn\u0131 g\u00fcn i\u00e7inde cihazlar\u0131n\u0131 teslim alma ve \u00f6deme yapma imkan\u0131 sunuyoruz.<\/li>\n<li><strong>Her Modelde Al\u0131m:<\/strong> MacBook Pro 13 in\u00e7, 15 in\u00e7, 16 in\u00e7, Touch Bar\u2019l\u0131 veya Touch Bar\u2019s\u0131z, hangi model olursa olsun al\u0131m yap\u0131yoruz.<\/li>\n<\/ul>\n<p>MacBook Pro\u2019nuzun durumunu (ekran, kasa, pil \u00f6mr\u00fc, teknik \u00f6zellikler) detayl\u0131 bir \u015fekilde de\u011ferlendirerek size en adil fiyat\u0131 sunaca\u011f\u0131m\u0131zdan emin olabilirsiniz.  Sadece laptoplarla de\u011fil, ayn\u0131 zamanda <a href=\"https:\/\/laptopistanbul.com\/bilgisayar-alan-yerler.html\">bilgisayar alan yerler<\/a> olarak da hizmet veriyoruz. Yani, MacBook Pro d\u0131\u015f\u0131nda ba\u015fka bilgisayarlar\u0131n\u0131z da varsa, onlar\u0131 da de\u011ferlendirebilirsiniz.<\/p>\n<p>Esenler\u2019de MacBook Pro satmak hi\u00e7 bu kadar kolay olmam\u0131\u015ft\u0131.  Uzman ekibimiz, cihaz\u0131n\u0131zla ilgili t\u00fcm sorular\u0131n\u0131z\u0131 yan\u0131tlamak ve size en iyi hizmeti sunmak i\u00e7in haz\u0131r bekliyor.  Bize ula\u015f\u0131n, MacBook Pro\u2019nuzun de\u011ferini \u00f6\u011frenin ve hemen nakit al\u0131n!<\/p>\n<hr>\n<p>Bize hemen ula\u015farak bilgisayar\u0131n\u0131z\u0131 de\u011ferinde satabilirsiniz!<\/p>\n<p>Telefon: <a href=\"tel:+905325299280\">0532 529 9280<\/a><br \/>\nWhatsApp Destek: <a href=\"https:\/\/api.whatsapp.com\/send?phone=905325299280&amp;text=Merhaba%20ikinci%20el%20laptop%20satmak%20istiyorum.\">Buraya T\u0131klay\u0131n<\/a><\/p>\n<hr>\n","protected":false},"excerpt":{"rendered":"<p>Esenler 2. el MacBook Pro Alan Yerler \u2013 Hemen Nakit Al\u0131n! Esenler\u2019de 2. El MacBook Pro Satmak Art\u0131k \u00c7ok Kolay! Esenler\u2019de kullanmad\u0131\u011f\u0131n\u0131z, yeni bir modelle de\u011fi\u015ftirmek istedi\u011finiz veya nakde \u00e7evirmek istedi\u011finiz bir 2. el MacBook Pro\u2019nuz varsa, do\u011fru yerdesiniz! laptopistanbul.com olarak, Esenler ve t\u00fcm \u0130stanbul\u2019da her marka ve modelde MacBook Pro al\u0131yoruz. \u0130ster en son &#8230; <a title=\"Esenler 2. el MacBook Pro Alan Yerler\" class=\"read-more\" href=\"https:\/\/laptopistanbul.com\/blog\/esenler-2-el-macbook-pro-alan-yerler\/\" aria-label=\"Read more about Esenler 2. el MacBook Pro Alan Yerler\">Devam\u0131n\u0131 oku<\/a><\/p>\n","protected":false},"author":2,"featured_media":16,"comment_status":"","ping_status":"","sticky":false,"template":"","format":"standard","meta":{"footnotes":""},"categories":[1],"tags":[],"class_list":["post-778","post","type-post","status-publish","format-standard","has-post-thumbnail","hentry","category-laptop"],"yoast_head":"<!-- This site is optimized with the Yoast SEO plugin v27.3 - https:\/\/yoast.com\/product\/yoast-seo-wordpress\/ -->\n<title>Esenler 2. el MacBook Pro Alan Yerler<\/title>\n<meta name=\"description\" content=\"S\u0131f\u0131r ve \u0130kinci El Laptop Sat\u0131n Al\u0131m Merkezi - Hemen \u0130leti\u015fime Ge\u00e7 0532 529 9280\" \/>\n<meta name=\"robots\" content=\"index, follow, max-snippet:-1, max-image-preview:large, max-video-preview:-1\" \/>\n<link rel=\"canonical\" href=\"https:\/\/laptopistanbul.com\/blog\/esenler-2-el-macbook-pro-alan-yerler\/\" \/>\n<meta property=\"og:locale\" content=\"tr_TR\" \/>\n<meta property=\"og:type\" content=\"article\" \/>\n<meta property=\"og:title\" content=\"Esenler 2. el MacBook Pro Alan Yerler\" \/>\n<meta property=\"og:description\" content=\"S\u0131f\u0131r ve \u0130kinci El Laptop Sat\u0131n Al\u0131m Merkezi - Hemen \u0130leti\u015fime Ge\u00e7 0532 529 9280\" \/>\n<meta property=\"og:url\" content=\"https:\/\/laptopistanbul.com\/blog\/esenler-2-el-macbook-pro-alan-yerler\/\" \/>\n<meta property=\"og:site_name\" content=\"Laptop Alan Yerler - laptopistanbul.com\" \/>\n<meta property=\"article:published_time\" content=\"2025-10-28T06:00:22+00:00\" \/>\n<meta name=\"author\" content=\"laptop-alan-yerler\" \/>\n<meta name=\"twitter:card\" content=\"summary_large_image\" \/>\n<meta name=\"twitter:creator\" content=\"@laptopistanbul\" \/>\n<meta name=\"twitter:site\" content=\"@laptopistanbul\" \/>\n<meta name=\"twitter:label1\" content=\"Yazan:\" \/>\n\t<meta name=\"twitter:data1\" content=\"laptop-alan-yerler\" \/>\n\t<meta name=\"twitter:label2\" content=\"Tahmini okuma s\u00fcresi\" \/>\n\t<meta name=\"twitter:data2\" content=\"2 dakika\" \/>\n<script type=\"application\/ld+json\" class=\"yoast-schema-graph\">{\"@context\":\"https:\\\/\\\/schema.org\",\"@graph\":[{\"@type\":\"Article\",\"@id\":\"https:\\\/\\\/laptopistanbul.com\\\/blog\\\/esenler-2-el-macbook-pro-alan-yerler\\\/#article\",\"isPartOf\":{\"@id\":\"https:\\\/\\\/laptopistanbul.com\\\/blog\\\/esenler-2-el-macbook-pro-alan-yerler\\\/\"},\"author\":{\"name\":\"laptop-alan-yerler\",\"@id\":\"https:\\\/\\\/laptopistanbul.com\\\/blog\\\/#\\\/schema\\\/person\\\/48fc26f43d805668d52592910e7f0d53\"},\"headline\":\"Esenler 2. el MacBook Pro Alan Yerler\",\"datePublished\":\"2025-10-28T06:00:22+00:00\",\"mainEntityOfPage\":{\"@id\":\"https:\\\/\\\/laptopistanbul.com\\\/blog\\\/esenler-2-el-macbook-pro-alan-yerler\\\/\"},\"wordCount\":373,\"publisher\":{\"@id\":\"https:\\\/\\\/laptopistanbul.com\\\/blog\\\/#organization\"},\"image\":{\"@id\":\"https:\\\/\\\/laptopistanbul.com\\\/blog\\\/esenler-2-el-macbook-pro-alan-yerler\\\/#primaryimage\"},\"thumbnailUrl\":\"https:\\\/\\\/laptopistanbul.com\\\/blog\\\/wp-content\\\/uploads\\\/2025\\\/04\\\/laptop-alan-yerler.webp\",\"articleSection\":[\"laptop\"],\"inLanguage\":\"tr\"},{\"@type\":\"WebPage\",\"@id\":\"https:\\\/\\\/laptopistanbul.com\\\/blog\\\/esenler-2-el-macbook-pro-alan-yerler\\\/\",\"url\":\"https:\\\/\\\/laptopistanbul.com\\\/blog\\\/esenler-2-el-macbook-pro-alan-yerler\\\/\",\"name\":\"Esenler 2. el MacBook Pro Alan Yerler\",\"isPartOf\":{\"@id\":\"https:\\\/\\\/laptopistanbul.com\\\/blog\\\/#website\"},\"primaryImageOfPage\":{\"@id\":\"https:\\\/\\\/laptopistanbul.com\\\/blog\\\/esenler-2-el-macbook-pro-alan-yerler\\\/#primaryimage\"},\"image\":{\"@id\":\"https:\\\/\\\/laptopistanbul.com\\\/blog\\\/esenler-2-el-macbook-pro-alan-yerler\\\/#primaryimage\"},\"thumbnailUrl\":\"https:\\\/\\\/laptopistanbul.com\\\/blog\\\/wp-content\\\/uploads\\\/2025\\\/04\\\/laptop-alan-yerler.webp\",\"datePublished\":\"2025-10-28T06:00:22+00:00\",\"description\":\"S\u0131f\u0131r ve \u0130kinci El Laptop Sat\u0131n Al\u0131m Merkezi - Hemen \u0130leti\u015fime Ge\u00e7 0532 529 9280\",\"breadcrumb\":{\"@id\":\"https:\\\/\\\/laptopistanbul.com\\\/blog\\\/esenler-2-el-macbook-pro-alan-yerler\\\/#breadcrumb\"},\"inLanguage\":\"tr\",\"potentialAction\":[{\"@type\":\"ReadAction\",\"target\":[\"https:\\\/\\\/laptopistanbul.com\\\/blog\\\/esenler-2-el-macbook-pro-alan-yerler\\\/\"]}]},{\"@type\":\"ImageObject\",\"inLanguage\":\"tr\",\"@id\":\"https:\\\/\\\/laptopistanbul.com\\\/blog\\\/esenler-2-el-macbook-pro-alan-yerler\\\/#primaryimage\",\"url\":\"https:\\\/\\\/laptopistanbul.com\\\/blog\\\/wp-content\\\/uploads\\\/2025\\\/04\\\/laptop-alan-yerler.webp\",\"contentUrl\":\"https:\\\/\\\/laptopistanbul.com\\\/blog\\\/wp-content\\\/uploads\\\/2025\\\/04\\\/laptop-alan-yerler.webp\",\"width\":1000,\"height\":1000,\"caption\":\"laptop alan yerler\"},{\"@type\":\"BreadcrumbList\",\"@id\":\"https:\\\/\\\/laptopistanbul.com\\\/blog\\\/esenler-2-el-macbook-pro-alan-yerler\\\/#breadcrumb\",\"itemListElement\":[{\"@type\":\"ListItem\",\"position\":1,\"name\":\"Anasayfa\",\"item\":\"https:\\\/\\\/laptopistanbul.com\\\/blog\\\/\"},{\"@type\":\"ListItem\",\"position\":2,\"name\":\"Esenler 2. el MacBook Pro Alan Yerler\"}]},{\"@type\":\"WebSite\",\"@id\":\"https:\\\/\\\/laptopistanbul.com\\\/blog\\\/#website\",\"url\":\"https:\\\/\\\/laptopistanbul.com\\\/blog\\\/\",\"name\":\"Laptop Alan Yerler\",\"description\":\"S\u0131f\u0131r ve \u0130kinci El Laptop Alan Yerler\",\"publisher\":{\"@id\":\"https:\\\/\\\/laptopistanbul.com\\\/blog\\\/#organization\"},\"potentialAction\":[{\"@type\":\"SearchAction\",\"target\":{\"@type\":\"EntryPoint\",\"urlTemplate\":\"https:\\\/\\\/laptopistanbul.com\\\/blog\\\/?s={search_term_string}\"},\"query-input\":{\"@type\":\"PropertyValueSpecification\",\"valueRequired\":true,\"valueName\":\"search_term_string\"}}],\"inLanguage\":\"tr\"},{\"@type\":\"Organization\",\"@id\":\"https:\\\/\\\/laptopistanbul.com\\\/blog\\\/#organization\",\"name\":\"laptopistanbul.com\",\"alternateName\":\"Laptop \u0130stanbul\",\"url\":\"https:\\\/\\\/laptopistanbul.com\\\/blog\\\/\",\"logo\":{\"@type\":\"ImageObject\",\"inLanguage\":\"tr\",\"@id\":\"https:\\\/\\\/laptopistanbul.com\\\/blog\\\/#\\\/schema\\\/logo\\\/image\\\/\",\"url\":\"https:\\\/\\\/laptopistanbul.com\\\/blog\\\/wp-content\\\/uploads\\\/2025\\\/07\\\/logo.png\",\"contentUrl\":\"https:\\\/\\\/laptopistanbul.com\\\/blog\\\/wp-content\\\/uploads\\\/2025\\\/07\\\/logo.png\",\"width\":375,\"height\":75,\"caption\":\"laptopistanbul.com\"},\"image\":{\"@id\":\"https:\\\/\\\/laptopistanbul.com\\\/blog\\\/#\\\/schema\\\/logo\\\/image\\\/\"},\"sameAs\":[\"https:\\\/\\\/x.com\\\/laptopistanbul\"]},{\"@type\":\"Person\",\"@id\":\"https:\\\/\\\/laptopistanbul.com\\\/blog\\\/#\\\/schema\\\/person\\\/48fc26f43d805668d52592910e7f0d53\",\"name\":\"laptop-alan-yerler\",\"url\":\"https:\\\/\\\/laptopistanbul.com\\\/blog\\\/author\\\/laptop-alan-yerler\\\/\"}]}<\/script>\n<!-- \/ Yoast SEO plugin. -->","yoast_head_json":{"title":"Esenler 2. el MacBook Pro Alan Yerler","description":"S\u0131f\u0131r ve \u0130kinci El Laptop Sat\u0131n Al\u0131m Merkezi - Hemen \u0130leti\u015fime Ge\u00e7 0532 529 9280","robots":{"index":"index","follow":"follow","max-snippet":"max-snippet:-1","max-image-preview":"max-image-preview:large","max-video-preview":"max-video-preview:-1"},"canonical":"https:\/\/laptopistanbul.com\/blog\/esenler-2-el-macbook-pro-alan-yerler\/","og_locale":"tr_TR","og_type":"article","og_title":"Esenler 2. el MacBook Pro Alan Yerler","og_description":"S\u0131f\u0131r ve \u0130kinci El Laptop Sat\u0131n Al\u0131m Merkezi - Hemen \u0130leti\u015fime Ge\u00e7 0532 529 9280","og_url":"https:\/\/laptopistanbul.com\/blog\/esenler-2-el-macbook-pro-alan-yerler\/","og_site_name":"Laptop Alan Yerler - laptopistanbul.com","article_published_time":"2025-10-28T06:00:22+00:00","author":"laptop-alan-yerler","twitter_card":"summary_large_image","twitter_creator":"@laptopistanbul","twitter_site":"@laptopistanbul","twitter_misc":{"Yazan:":"laptop-alan-yerler","Tahmini okuma s\u00fcresi":"2 dakika"},"schema":{"@context":"https:\/\/schema.org","@graph":[{"@type":"Article","@id":"https:\/\/laptopistanbul.com\/blog\/esenler-2-el-macbook-pro-alan-yerler\/#article","isPartOf":{"@id":"https:\/\/laptopistanbul.com\/blog\/esenler-2-el-macbook-pro-alan-yerler\/"},"author":{"name":"laptop-alan-yerler","@id":"https:\/\/laptopistanbul.com\/blog\/#\/schema\/person\/48fc26f43d805668d52592910e7f0d53"},"headline":"Esenler 2. el MacBook Pro Alan Yerler","datePublished":"2025-10-28T06:00:22+00:00","mainEntityOfPage":{"@id":"https:\/\/laptopistanbul.com\/blog\/esenler-2-el-macbook-pro-alan-yerler\/"},"wordCount":373,"publisher":{"@id":"https:\/\/laptopistanbul.com\/blog\/#organization"},"image":{"@id":"https:\/\/laptopistanbul.com\/blog\/esenler-2-el-macbook-pro-alan-yerler\/#primaryimage"},"thumbnailUrl":"https:\/\/laptopistanbul.com\/blog\/wp-content\/uploads\/2025\/04\/laptop-alan-yerler.webp","articleSection":["laptop"],"inLanguage":"tr"},{"@type":"WebPage","@id":"https:\/\/laptopistanbul.com\/blog\/esenler-2-el-macbook-pro-alan-yerler\/","url":"https:\/\/laptopistanbul.com\/blog\/esenler-2-el-macbook-pro-alan-yerler\/","name":"Esenler 2. el MacBook Pro Alan Yerler","isPartOf":{"@id":"https:\/\/laptopistanbul.com\/blog\/#website"},"primaryImageOfPage":{"@id":"https:\/\/laptopistanbul.com\/blog\/esenler-2-el-macbook-pro-alan-yerler\/#primaryimage"},"image":{"@id":"https:\/\/laptopistanbul.com\/blog\/esenler-2-el-macbook-pro-alan-yerler\/#primaryimage"},"thumbnailUrl":"https:\/\/laptopistanbul.com\/blog\/wp-content\/uploads\/2025\/04\/laptop-alan-yerler.webp","datePublished":"2025-10-28T06:00:22+00:00","description":"S\u0131f\u0131r ve \u0130kinci El Laptop Sat\u0131n Al\u0131m Merkezi - Hemen \u0130leti\u015fime Ge\u00e7 0532 529 9280","breadcrumb":{"@id":"https:\/\/laptopistanbul.com\/blog\/esenler-2-el-macbook-pro-alan-yerler\/#breadcrumb"},"inLanguage":"tr","potentialAction":[{"@type":"ReadAction","target":["https:\/\/laptopistanbul.com\/blog\/esenler-2-el-macbook-pro-alan-yerler\/"]}]},{"@type":"ImageObject","inLanguage":"tr","@id":"https:\/\/laptopistanbul.com\/blog\/esenler-2-el-macbook-pro-alan-yerler\/#primaryimage","url":"https:\/\/laptopistanbul.com\/blog\/wp-content\/uploads\/2025\/04\/laptop-alan-yerler.webp","contentUrl":"https:\/\/laptopistanbul.com\/blog\/wp-content\/uploads\/2025\/04\/laptop-alan-yerler.webp","width":1000,"height":1000,"caption":"laptop alan yerler"},{"@type":"BreadcrumbList","@id":"https:\/\/laptopistanbul.com\/blog\/esenler-2-el-macbook-pro-alan-yerler\/#breadcrumb","itemListElement":[{"@type":"ListItem","position":1,"name":"Anasayfa","item":"https:\/\/laptopistanbul.com\/blog\/"},{"@type":"ListItem","position":2,"name":"Esenler 2. el MacBook Pro Alan Yerler"}]},{"@type":"WebSite","@id":"https:\/\/laptopistanbul.com\/blog\/#website","url":"https:\/\/laptopistanbul.com\/blog\/","name":"Laptop Alan Yerler","description":"S\u0131f\u0131r ve \u0130kinci El Laptop Alan Yerler","publisher":{"@id":"https:\/\/laptopistanbul.com\/blog\/#organization"},"potentialAction":[{"@type":"SearchAction","target":{"@type":"EntryPoint","urlTemplate":"https:\/\/laptopistanbul.com\/blog\/?s={search_term_string}"},"query-input":{"@type":"PropertyValueSpecification","valueRequired":true,"valueName":"search_term_string"}}],"inLanguage":"tr"},{"@type":"Organization","@id":"https:\/\/laptopistanbul.com\/blog\/#organization","name":"laptopistanbul.com","alternateName":"Laptop \u0130stanbul","url":"https:\/\/laptopistanbul.com\/blog\/","logo":{"@type":"ImageObject","inLanguage":"tr","@id":"https:\/\/laptopistanbul.com\/blog\/#\/schema\/logo\/image\/","url":"https:\/\/laptopistanbul.com\/blog\/wp-content\/uploads\/2025\/07\/logo.png","contentUrl":"https:\/\/laptopistanbul.com\/blog\/wp-content\/uploads\/2025\/07\/logo.png","width":375,"height":75,"caption":"laptopistanbul.com"},"image":{"@id":"https:\/\/laptopistanbul.com\/blog\/#\/schema\/logo\/image\/"},"sameAs":["https:\/\/x.com\/laptopistanbul"]},{"@type":"Person","@id":"https:\/\/laptopistanbul.com\/blog\/#\/schema\/person\/48fc26f43d805668d52592910e7f0d53","name":"laptop-alan-yerler","url":"https:\/\/laptopistanbul.com\/blog\/author\/laptop-alan-yerler\/"}]}},"_links":{"self":[{"href":"https:\/\/laptopistanbul.com\/blog\/wp-json\/wp\/v2\/posts\/778","targetHints":{"allow":["GET"]}}],"collection":[{"href":"https:\/\/laptopistanbul.com\/blog\/wp-json\/wp\/v2\/posts"}],"about":[{"href":"https:\/\/laptopistanbul.com\/blog\/wp-json\/wp\/v2\/types\/post"}],"author":[{"embeddable":true,"href":"https:\/\/laptopistanbul.com\/blog\/wp-json\/wp\/v2\/users\/2"}],"replies":[{"embeddable":true,"href":"https:\/\/laptopistanbul.com\/blog\/wp-json\/wp\/v2\/comments?post=778"}],"version-history":[{"count":0,"href":"https:\/\/laptopistanbul.com\/blog\/wp-json\/wp\/v2\/posts\/778\/revisions"}],"wp:featuredmedia":[{"embeddable":true,"href":"https:\/\/laptopistanbul.com\/blog\/wp-json\/wp\/v2\/media\/16"}],"wp:attachment":[{"href":"https:\/\/laptopistanbul.com\/blog\/wp-json\/wp\/v2\/media?parent=778"}],"wp:term":[{"taxonomy":"category","embeddable":true,"href":"https:\/\/laptopistanbul.com\/blog\/wp-json\/wp\/v2\/categories?post=778"},{"taxonomy":"post_tag","embeddable":true,"href":"https:\/\/laptopistanbul.com\/blog\/wp-json\/wp\/v2\/tags?post=778"}],"curies":[{"name":"wp","href":"https:\/\/api.w.org\/{rel}","templated":true}]}}