{"id":714,"date":"2025-10-21T11:00:16","date_gmt":"2025-10-21T11:00:16","guid":{"rendered":"https:\/\/laptopistanbul.com\/blog\/kartal-ikinci-el-macbook-pro-alan-yerler\/"},"modified":"2025-10-21T11:00:16","modified_gmt":"2025-10-21T11:00:16","slug":"kartal-ikinci-el-macbook-pro-alan-yerler","status":"publish","type":"post","link":"https:\/\/laptopistanbul.com\/blog\/kartal-ikinci-el-macbook-pro-alan-yerler\/","title":{"rendered":"Kartal \u0130kinci El MacBook Pro Alan Yerler"},"content":{"rendered":"<p><title>Kartal \u0130kinci El MacBook Pro Alan Yerler \u2013 H\u0131zl\u0131 ve G\u00fcvenilir De\u011ferleme<\/title><\/p>\n<h2>Kartal\u2019da \u0130kinci El MacBook Pro\u2019nuzu De\u011ferinde Satmak \u0130stiyor Musunuz?<\/h2>\n<p>E\u011fer Kartal\u2019da ya\u015f\u0131yorsan\u0131z ve kullanmad\u0131\u011f\u0131n\u0131z, yeni bir modelle de\u011fi\u015ftirdi\u011finiz veya ihtiyac\u0131n\u0131z kalmad\u0131\u011f\u0131 i\u00e7in <strong>ikinci el MacBook Pro<\/strong>\u2019nuzu satmak istiyorsan\u0131z, do\u011fru yerdesiniz! laptopistanbul.com olarak, Kartal ve t\u00fcm \u0130stanbul\u2019da her marka ve model MacBook Pro\u2019yu nakit olarak sat\u0131n al\u0131yoruz. Y\u0131llard\u0131r s\u00fcregelen tecr\u00fcbemiz ve m\u00fc\u015fteri memnuniyetine odakl\u0131 hizmet anlay\u0131\u015f\u0131m\u0131zla, MacBook Pro\u2019nuzu sorunsuz bir \u015fekilde elden \u00e7\u0131karman\u0131z\u0131 sa\u011fl\u0131yoruz. Piyasada bir\u00e7ok <a href=\"https:\/\/laptopistanbul.com\/ikinci-el-laptop-alan-yerler.html\">ikinci el laptop alan yerler<\/a> bulunsa da, g\u00fcvenilir ve adil fiyat teklifi alabilece\u011finiz bir yer bulmak \u00f6nemli. Biz, MacBook Pro\u2019nuzun de\u011ferini do\u011fru belirleyerek, size en iyi teklifi sunmay\u0131 hedefliyoruz.<\/p>\n<h2>Neden laptopistanbul.com?<\/h2>\n<p><strong>H\u0131zl\u0131, g\u00fcvenilir ve nakit \u00f6deme garantisi<\/strong> ile laptopistanbul.com, Kartal\u2019daki MacBook Pro sahipleri i\u00e7in en ideal \u00e7\u00f6z\u00fcm. \u0130\u015fte bizi tercih etmeniz i\u00e7in baz\u0131 nedenler:<\/p>\n<ul>\n<li><strong>\u00dccretsiz De\u011ferleme:<\/strong> MacBook Pro\u2019nuzun modeline, \u00f6zelliklerine ve durumuna g\u00f6re \u00fccretsiz bir \u015fekilde de\u011ferlemesini yap\u0131yoruz.<\/li>\n<li><strong>H\u0131zl\u0131 \u00d6deme:<\/strong> De\u011ferlendirme sonras\u0131nda anla\u015fmam\u0131z durumunda, \u00f6demenizi an\u0131nda nakit olarak ger\u00e7ekle\u015ftiriyoruz.<\/li>\n<li><strong>G\u00fcvenilir Hizmet:<\/strong> \u015eeffaf ve d\u00fcr\u00fcst bir yakla\u015f\u0131mla, m\u00fc\u015fteri memnuniyetini \u00f6n planda tutuyoruz.<\/li>\n<li><strong>T\u00fcm Modelleri Sat\u0131n Al\u0131yoruz:<\/strong> MacBook Pro\u2019nun t\u00fcm modellerini (Air, Retina, Touch Bar vb.) sat\u0131n al\u0131yoruz.<\/li>\n<li><strong>Kartal\u2019a \u00d6zel Hizmet:<\/strong> Kartal\u2019daki m\u00fc\u015fterilerimize h\u0131zl\u0131 ve kolay bir sat\u0131\u015f s\u00fcreci sunuyoruz. Sizlere ula\u015f\u0131yor ve cihaz\u0131n\u0131z\u0131 adresinizden teslim al\u0131yoruz.<\/li>\n<\/ul>\n<p>Kartal\u2019da MacBook Pro satmak isteyenler i\u00e7in en b\u00fcy\u00fck avantajlar\u0131m\u0131zdan biri de, cihaz\u0131n\u0131z\u0131 g\u00f6rmek ve de\u011ferlendirmek i\u00e7in sizin konforunuzda harekete ge\u00e7ebilmemiz.  Yani siz sadece cihaz\u0131n\u0131z\u0131n haz\u0131r olmas\u0131n\u0131 bekleyin, biz geri kalan her \u015feyle ilgileniyoruz. Ayr\u0131ca, sadece MacBook Pro de\u011fil, t\u00fcm marka ve modellerde <a href=\"https:\/\/laptopistanbul.com\/bilgisayar-alan-yerler.html\">bilgisayar alan yerler<\/a> olarak hizmet veriyoruz. \u0130htiya\u00e7lar\u0131n\u0131z do\u011frultusunda farkl\u0131 cihazlar\u0131n\u0131z\u0131 da de\u011ferlendirebiliriz.<\/p>\n<p>E\u011fer Kartal\u2019da veya \u0130stanbul\u2019un herhangi bir noktas\u0131nda ikinci el MacBook Pro\u2019nuzu satmay\u0131 d\u00fc\u015f\u00fcn\u00fcyorsan\u0131z, hemen bizimle ileti\u015fime ge\u00e7in. Size en iyi fiyat teklifini sunmak ve MacBook Pro\u2019nuzu h\u0131zl\u0131 bir \u015fekilde nakde \u00e7evirmek i\u00e7in sab\u0131rs\u0131zlan\u0131yoruz.<\/p>\n<hr>\n<p>Bize hemen ula\u015farak bilgisayar\u0131n\u0131z\u0131 de\u011ferinde satabilirsiniz!<\/p>\n<p>Telefon: <a href=\"tel:+905325299280\">0532 529 9280<\/a><br \/>\nWhatsApp Destek: <a href=\"https:\/\/api.whatsapp.com\/send?phone=905325299280&amp;text=Merhaba%20ikinci%20el%20laptop%20satmak%20istiyorum.\">Buraya T\u0131klay\u0131n<\/a><\/p>\n<hr>\n","protected":false},"excerpt":{"rendered":"<p>Kartal \u0130kinci El MacBook Pro Alan Yerler \u2013 H\u0131zl\u0131 ve G\u00fcvenilir De\u011ferleme Kartal\u2019da \u0130kinci El MacBook Pro\u2019nuzu De\u011ferinde Satmak \u0130stiyor Musunuz? E\u011fer Kartal\u2019da ya\u015f\u0131yorsan\u0131z ve kullanmad\u0131\u011f\u0131n\u0131z, yeni bir modelle de\u011fi\u015ftirdi\u011finiz veya ihtiyac\u0131n\u0131z kalmad\u0131\u011f\u0131 i\u00e7in ikinci el MacBook Pro\u2019nuzu satmak istiyorsan\u0131z, do\u011fru yerdesiniz! laptopistanbul.com olarak, Kartal ve t\u00fcm \u0130stanbul\u2019da her marka ve model MacBook Pro\u2019yu nakit &#8230; <a title=\"Kartal \u0130kinci El MacBook Pro Alan Yerler\" class=\"read-more\" href=\"https:\/\/laptopistanbul.com\/blog\/kartal-ikinci-el-macbook-pro-alan-yerler\/\" aria-label=\"Read more about Kartal \u0130kinci El MacBook Pro Alan Yerler\">Devam\u0131n\u0131 oku<\/a><\/p>\n","protected":false},"author":2,"featured_media":16,"comment_status":"","ping_status":"","sticky":false,"template":"","format":"standard","meta":{"footnotes":""},"categories":[1],"tags":[],"class_list":["post-714","post","type-post","status-publish","format-standard","has-post-thumbnail","hentry","category-laptop"],"yoast_head":"<!-- This site is optimized with the Yoast SEO plugin v27.3 - https:\/\/yoast.com\/product\/yoast-seo-wordpress\/ -->\n<title>Kartal \u0130kinci El MacBook Pro Alan Yerler<\/title>\n<meta name=\"description\" content=\"S\u0131f\u0131r ve \u0130kinci El Laptop Sat\u0131n Al\u0131m Merkezi - Hemen \u0130leti\u015fime Ge\u00e7 0532 529 9280\" \/>\n<meta name=\"robots\" content=\"index, follow, max-snippet:-1, max-image-preview:large, max-video-preview:-1\" \/>\n<link rel=\"canonical\" href=\"https:\/\/laptopistanbul.com\/blog\/kartal-ikinci-el-macbook-pro-alan-yerler\/\" \/>\n<meta property=\"og:locale\" content=\"tr_TR\" \/>\n<meta property=\"og:type\" content=\"article\" \/>\n<meta property=\"og:title\" content=\"Kartal \u0130kinci El MacBook Pro Alan Yerler\" \/>\n<meta property=\"og:description\" content=\"S\u0131f\u0131r ve \u0130kinci El Laptop Sat\u0131n Al\u0131m Merkezi - Hemen \u0130leti\u015fime Ge\u00e7 0532 529 9280\" \/>\n<meta property=\"og:url\" content=\"https:\/\/laptopistanbul.com\/blog\/kartal-ikinci-el-macbook-pro-alan-yerler\/\" \/>\n<meta property=\"og:site_name\" content=\"Laptop Alan Yerler - laptopistanbul.com\" \/>\n<meta property=\"article:published_time\" content=\"2025-10-21T11:00:16+00:00\" \/>\n<meta name=\"author\" content=\"laptop-alan-yerler\" \/>\n<meta name=\"twitter:card\" content=\"summary_large_image\" \/>\n<meta name=\"twitter:creator\" content=\"@laptopistanbul\" \/>\n<meta name=\"twitter:site\" content=\"@laptopistanbul\" \/>\n<meta name=\"twitter:label1\" content=\"Yazan:\" \/>\n\t<meta name=\"twitter:data1\" content=\"laptop-alan-yerler\" \/>\n\t<meta name=\"twitter:label2\" content=\"Tahmini okuma s\u00fcresi\" \/>\n\t<meta name=\"twitter:data2\" content=\"2 dakika\" \/>\n<script type=\"application\/ld+json\" class=\"yoast-schema-graph\">{\"@context\":\"https:\\\/\\\/schema.org\",\"@graph\":[{\"@type\":\"Article\",\"@id\":\"https:\\\/\\\/laptopistanbul.com\\\/blog\\\/kartal-ikinci-el-macbook-pro-alan-yerler\\\/#article\",\"isPartOf\":{\"@id\":\"https:\\\/\\\/laptopistanbul.com\\\/blog\\\/kartal-ikinci-el-macbook-pro-alan-yerler\\\/\"},\"author\":{\"name\":\"laptop-alan-yerler\",\"@id\":\"https:\\\/\\\/laptopistanbul.com\\\/blog\\\/#\\\/schema\\\/person\\\/48fc26f43d805668d52592910e7f0d53\"},\"headline\":\"Kartal \u0130kinci El MacBook Pro Alan Yerler\",\"datePublished\":\"2025-10-21T11:00:16+00:00\",\"mainEntityOfPage\":{\"@id\":\"https:\\\/\\\/laptopistanbul.com\\\/blog\\\/kartal-ikinci-el-macbook-pro-alan-yerler\\\/\"},\"wordCount\":441,\"publisher\":{\"@id\":\"https:\\\/\\\/laptopistanbul.com\\\/blog\\\/#organization\"},\"image\":{\"@id\":\"https:\\\/\\\/laptopistanbul.com\\\/blog\\\/kartal-ikinci-el-macbook-pro-alan-yerler\\\/#primaryimage\"},\"thumbnailUrl\":\"https:\\\/\\\/laptopistanbul.com\\\/blog\\\/wp-content\\\/uploads\\\/2025\\\/04\\\/laptop-alan-yerler.webp\",\"articleSection\":[\"laptop\"],\"inLanguage\":\"tr\"},{\"@type\":\"WebPage\",\"@id\":\"https:\\\/\\\/laptopistanbul.com\\\/blog\\\/kartal-ikinci-el-macbook-pro-alan-yerler\\\/\",\"url\":\"https:\\\/\\\/laptopistanbul.com\\\/blog\\\/kartal-ikinci-el-macbook-pro-alan-yerler\\\/\",\"name\":\"Kartal \u0130kinci El MacBook Pro Alan Yerler\",\"isPartOf\":{\"@id\":\"https:\\\/\\\/laptopistanbul.com\\\/blog\\\/#website\"},\"primaryImageOfPage\":{\"@id\":\"https:\\\/\\\/laptopistanbul.com\\\/blog\\\/kartal-ikinci-el-macbook-pro-alan-yerler\\\/#primaryimage\"},\"image\":{\"@id\":\"https:\\\/\\\/laptopistanbul.com\\\/blog\\\/kartal-ikinci-el-macbook-pro-alan-yerler\\\/#primaryimage\"},\"thumbnailUrl\":\"https:\\\/\\\/laptopistanbul.com\\\/blog\\\/wp-content\\\/uploads\\\/2025\\\/04\\\/laptop-alan-yerler.webp\",\"datePublished\":\"2025-10-21T11:00:16+00:00\",\"description\":\"S\u0131f\u0131r ve \u0130kinci El Laptop Sat\u0131n Al\u0131m Merkezi - Hemen \u0130leti\u015fime Ge\u00e7 0532 529 9280\",\"breadcrumb\":{\"@id\":\"https:\\\/\\\/laptopistanbul.com\\\/blog\\\/kartal-ikinci-el-macbook-pro-alan-yerler\\\/#breadcrumb\"},\"inLanguage\":\"tr\",\"potentialAction\":[{\"@type\":\"ReadAction\",\"target\":[\"https:\\\/\\\/laptopistanbul.com\\\/blog\\\/kartal-ikinci-el-macbook-pro-alan-yerler\\\/\"]}]},{\"@type\":\"ImageObject\",\"inLanguage\":\"tr\",\"@id\":\"https:\\\/\\\/laptopistanbul.com\\\/blog\\\/kartal-ikinci-el-macbook-pro-alan-yerler\\\/#primaryimage\",\"url\":\"https:\\\/\\\/laptopistanbul.com\\\/blog\\\/wp-content\\\/uploads\\\/2025\\\/04\\\/laptop-alan-yerler.webp\",\"contentUrl\":\"https:\\\/\\\/laptopistanbul.com\\\/blog\\\/wp-content\\\/uploads\\\/2025\\\/04\\\/laptop-alan-yerler.webp\",\"width\":1000,\"height\":1000,\"caption\":\"laptop alan yerler\"},{\"@type\":\"BreadcrumbList\",\"@id\":\"https:\\\/\\\/laptopistanbul.com\\\/blog\\\/kartal-ikinci-el-macbook-pro-alan-yerler\\\/#breadcrumb\",\"itemListElement\":[{\"@type\":\"ListItem\",\"position\":1,\"name\":\"Anasayfa\",\"item\":\"https:\\\/\\\/laptopistanbul.com\\\/blog\\\/\"},{\"@type\":\"ListItem\",\"position\":2,\"name\":\"Kartal \u0130kinci El MacBook Pro Alan Yerler\"}]},{\"@type\":\"WebSite\",\"@id\":\"https:\\\/\\\/laptopistanbul.com\\\/blog\\\/#website\",\"url\":\"https:\\\/\\\/laptopistanbul.com\\\/blog\\\/\",\"name\":\"Laptop Alan Yerler\",\"description\":\"S\u0131f\u0131r ve \u0130kinci El Laptop Alan Yerler\",\"publisher\":{\"@id\":\"https:\\\/\\\/laptopistanbul.com\\\/blog\\\/#organization\"},\"potentialAction\":[{\"@type\":\"SearchAction\",\"target\":{\"@type\":\"EntryPoint\",\"urlTemplate\":\"https:\\\/\\\/laptopistanbul.com\\\/blog\\\/?s={search_term_string}\"},\"query-input\":{\"@type\":\"PropertyValueSpecification\",\"valueRequired\":true,\"valueName\":\"search_term_string\"}}],\"inLanguage\":\"tr\"},{\"@type\":\"Organization\",\"@id\":\"https:\\\/\\\/laptopistanbul.com\\\/blog\\\/#organization\",\"name\":\"laptopistanbul.com\",\"alternateName\":\"Laptop \u0130stanbul\",\"url\":\"https:\\\/\\\/laptopistanbul.com\\\/blog\\\/\",\"logo\":{\"@type\":\"ImageObject\",\"inLanguage\":\"tr\",\"@id\":\"https:\\\/\\\/laptopistanbul.com\\\/blog\\\/#\\\/schema\\\/logo\\\/image\\\/\",\"url\":\"https:\\\/\\\/laptopistanbul.com\\\/blog\\\/wp-content\\\/uploads\\\/2025\\\/07\\\/logo.png\",\"contentUrl\":\"https:\\\/\\\/laptopistanbul.com\\\/blog\\\/wp-content\\\/uploads\\\/2025\\\/07\\\/logo.png\",\"width\":375,\"height\":75,\"caption\":\"laptopistanbul.com\"},\"image\":{\"@id\":\"https:\\\/\\\/laptopistanbul.com\\\/blog\\\/#\\\/schema\\\/logo\\\/image\\\/\"},\"sameAs\":[\"https:\\\/\\\/x.com\\\/laptopistanbul\"]},{\"@type\":\"Person\",\"@id\":\"https:\\\/\\\/laptopistanbul.com\\\/blog\\\/#\\\/schema\\\/person\\\/48fc26f43d805668d52592910e7f0d53\",\"name\":\"laptop-alan-yerler\",\"url\":\"https:\\\/\\\/laptopistanbul.com\\\/blog\\\/author\\\/laptop-alan-yerler\\\/\"}]}<\/script>\n<!-- \/ Yoast SEO plugin. -->","yoast_head_json":{"title":"Kartal \u0130kinci El MacBook Pro Alan Yerler","description":"S\u0131f\u0131r ve \u0130kinci El Laptop Sat\u0131n Al\u0131m Merkezi - Hemen \u0130leti\u015fime Ge\u00e7 0532 529 9280","robots":{"index":"index","follow":"follow","max-snippet":"max-snippet:-1","max-image-preview":"max-image-preview:large","max-video-preview":"max-video-preview:-1"},"canonical":"https:\/\/laptopistanbul.com\/blog\/kartal-ikinci-el-macbook-pro-alan-yerler\/","og_locale":"tr_TR","og_type":"article","og_title":"Kartal \u0130kinci El MacBook Pro Alan Yerler","og_description":"S\u0131f\u0131r ve \u0130kinci El Laptop Sat\u0131n Al\u0131m Merkezi - Hemen \u0130leti\u015fime Ge\u00e7 0532 529 9280","og_url":"https:\/\/laptopistanbul.com\/blog\/kartal-ikinci-el-macbook-pro-alan-yerler\/","og_site_name":"Laptop Alan Yerler - laptopistanbul.com","article_published_time":"2025-10-21T11:00:16+00:00","author":"laptop-alan-yerler","twitter_card":"summary_large_image","twitter_creator":"@laptopistanbul","twitter_site":"@laptopistanbul","twitter_misc":{"Yazan:":"laptop-alan-yerler","Tahmini okuma s\u00fcresi":"2 dakika"},"schema":{"@context":"https:\/\/schema.org","@graph":[{"@type":"Article","@id":"https:\/\/laptopistanbul.com\/blog\/kartal-ikinci-el-macbook-pro-alan-yerler\/#article","isPartOf":{"@id":"https:\/\/laptopistanbul.com\/blog\/kartal-ikinci-el-macbook-pro-alan-yerler\/"},"author":{"name":"laptop-alan-yerler","@id":"https:\/\/laptopistanbul.com\/blog\/#\/schema\/person\/48fc26f43d805668d52592910e7f0d53"},"headline":"Kartal \u0130kinci El MacBook Pro Alan Yerler","datePublished":"2025-10-21T11:00:16+00:00","mainEntityOfPage":{"@id":"https:\/\/laptopistanbul.com\/blog\/kartal-ikinci-el-macbook-pro-alan-yerler\/"},"wordCount":441,"publisher":{"@id":"https:\/\/laptopistanbul.com\/blog\/#organization"},"image":{"@id":"https:\/\/laptopistanbul.com\/blog\/kartal-ikinci-el-macbook-pro-alan-yerler\/#primaryimage"},"thumbnailUrl":"https:\/\/laptopistanbul.com\/blog\/wp-content\/uploads\/2025\/04\/laptop-alan-yerler.webp","articleSection":["laptop"],"inLanguage":"tr"},{"@type":"WebPage","@id":"https:\/\/laptopistanbul.com\/blog\/kartal-ikinci-el-macbook-pro-alan-yerler\/","url":"https:\/\/laptopistanbul.com\/blog\/kartal-ikinci-el-macbook-pro-alan-yerler\/","name":"Kartal \u0130kinci El MacBook Pro Alan Yerler","isPartOf":{"@id":"https:\/\/laptopistanbul.com\/blog\/#website"},"primaryImageOfPage":{"@id":"https:\/\/laptopistanbul.com\/blog\/kartal-ikinci-el-macbook-pro-alan-yerler\/#primaryimage"},"image":{"@id":"https:\/\/laptopistanbul.com\/blog\/kartal-ikinci-el-macbook-pro-alan-yerler\/#primaryimage"},"thumbnailUrl":"https:\/\/laptopistanbul.com\/blog\/wp-content\/uploads\/2025\/04\/laptop-alan-yerler.webp","datePublished":"2025-10-21T11:00:16+00:00","description":"S\u0131f\u0131r ve \u0130kinci El Laptop Sat\u0131n Al\u0131m Merkezi - Hemen \u0130leti\u015fime Ge\u00e7 0532 529 9280","breadcrumb":{"@id":"https:\/\/laptopistanbul.com\/blog\/kartal-ikinci-el-macbook-pro-alan-yerler\/#breadcrumb"},"inLanguage":"tr","potentialAction":[{"@type":"ReadAction","target":["https:\/\/laptopistanbul.com\/blog\/kartal-ikinci-el-macbook-pro-alan-yerler\/"]}]},{"@type":"ImageObject","inLanguage":"tr","@id":"https:\/\/laptopistanbul.com\/blog\/kartal-ikinci-el-macbook-pro-alan-yerler\/#primaryimage","url":"https:\/\/laptopistanbul.com\/blog\/wp-content\/uploads\/2025\/04\/laptop-alan-yerler.webp","contentUrl":"https:\/\/laptopistanbul.com\/blog\/wp-content\/uploads\/2025\/04\/laptop-alan-yerler.webp","width":1000,"height":1000,"caption":"laptop alan yerler"},{"@type":"BreadcrumbList","@id":"https:\/\/laptopistanbul.com\/blog\/kartal-ikinci-el-macbook-pro-alan-yerler\/#breadcrumb","itemListElement":[{"@type":"ListItem","position":1,"name":"Anasayfa","item":"https:\/\/laptopistanbul.com\/blog\/"},{"@type":"ListItem","position":2,"name":"Kartal \u0130kinci El MacBook Pro Alan Yerler"}]},{"@type":"WebSite","@id":"https:\/\/laptopistanbul.com\/blog\/#website","url":"https:\/\/laptopistanbul.com\/blog\/","name":"Laptop Alan Yerler","description":"S\u0131f\u0131r ve \u0130kinci El Laptop Alan Yerler","publisher":{"@id":"https:\/\/laptopistanbul.com\/blog\/#organization"},"potentialAction":[{"@type":"SearchAction","target":{"@type":"EntryPoint","urlTemplate":"https:\/\/laptopistanbul.com\/blog\/?s={search_term_string}"},"query-input":{"@type":"PropertyValueSpecification","valueRequired":true,"valueName":"search_term_string"}}],"inLanguage":"tr"},{"@type":"Organization","@id":"https:\/\/laptopistanbul.com\/blog\/#organization","name":"laptopistanbul.com","alternateName":"Laptop \u0130stanbul","url":"https:\/\/laptopistanbul.com\/blog\/","logo":{"@type":"ImageObject","inLanguage":"tr","@id":"https:\/\/laptopistanbul.com\/blog\/#\/schema\/logo\/image\/","url":"https:\/\/laptopistanbul.com\/blog\/wp-content\/uploads\/2025\/07\/logo.png","contentUrl":"https:\/\/laptopistanbul.com\/blog\/wp-content\/uploads\/2025\/07\/logo.png","width":375,"height":75,"caption":"laptopistanbul.com"},"image":{"@id":"https:\/\/laptopistanbul.com\/blog\/#\/schema\/logo\/image\/"},"sameAs":["https:\/\/x.com\/laptopistanbul"]},{"@type":"Person","@id":"https:\/\/laptopistanbul.com\/blog\/#\/schema\/person\/48fc26f43d805668d52592910e7f0d53","name":"laptop-alan-yerler","url":"https:\/\/laptopistanbul.com\/blog\/author\/laptop-alan-yerler\/"}]}},"_links":{"self":[{"href":"https:\/\/laptopistanbul.com\/blog\/wp-json\/wp\/v2\/posts\/714","targetHints":{"allow":["GET"]}}],"collection":[{"href":"https:\/\/laptopistanbul.com\/blog\/wp-json\/wp\/v2\/posts"}],"about":[{"href":"https:\/\/laptopistanbul.com\/blog\/wp-json\/wp\/v2\/types\/post"}],"author":[{"embeddable":true,"href":"https:\/\/laptopistanbul.com\/blog\/wp-json\/wp\/v2\/users\/2"}],"replies":[{"embeddable":true,"href":"https:\/\/laptopistanbul.com\/blog\/wp-json\/wp\/v2\/comments?post=714"}],"version-history":[{"count":0,"href":"https:\/\/laptopistanbul.com\/blog\/wp-json\/wp\/v2\/posts\/714\/revisions"}],"wp:featuredmedia":[{"embeddable":true,"href":"https:\/\/laptopistanbul.com\/blog\/wp-json\/wp\/v2\/media\/16"}],"wp:attachment":[{"href":"https:\/\/laptopistanbul.com\/blog\/wp-json\/wp\/v2\/media?parent=714"}],"wp:term":[{"taxonomy":"category","embeddable":true,"href":"https:\/\/laptopistanbul.com\/blog\/wp-json\/wp\/v2\/categories?post=714"},{"taxonomy":"post_tag","embeddable":true,"href":"https:\/\/laptopistanbul.com\/blog\/wp-json\/wp\/v2\/tags?post=714"}],"curies":[{"name":"wp","href":"https:\/\/api.w.org\/{rel}","templated":true}]}}