{"id":329,"date":"2025-07-02T09:00:00","date_gmt":"2025-07-02T09:00:00","guid":{"rendered":"https:\/\/laptopistanbul.com\/blog\/?p=329"},"modified":"2025-07-02T09:00:00","modified_gmt":"2025-07-02T09:00:00","slug":"ikinci-el-macbook-pro-alan-yerler","status":"publish","type":"post","link":"https:\/\/laptopistanbul.com\/blog\/ikinci-el-macbook-pro-alan-yerler\/","title":{"rendered":"\u0130kinci El MacBook Pro Alan Yerler"},"content":{"rendered":"<p>\u0130stanbul\u2019un her semtinde ikinci el laptop, bilgisayar, tablet ve di\u011fer elektronik cihazlar\u0131n\u0131z\u0131 en iyi fiyatlarla sat\u0131n alan <a href='https:\/\/laptopistanbul.com\/laptop-alan-yerler.html' title='laptop alan yerler'>LaptopIstanbul.com<\/a>\u2019a ho\u015f geldiniz! MacBook Pro \u00fcr\u00fcn\u00fcn\u00fcz\u00fc h\u0131zl\u0131, g\u00fcvenilir ve \u015feffaf bir \u015fekilde nakde \u00e7evirmek i\u00e7in do\u011fru adrestesiniz. Be\u015fikta\u015f, Kad\u0131k\u00f6y, \u00dcsk\u00fcdar, \u015ei\u015fli, Beylikd\u00fcz\u00fc veya \u0130stanbul\u2019un herhangi bir noktas\u0131nda olsan\u0131z da, mobil ekiplerimiz adresinize gelerek cihaz\u0131n\u0131z\u0131 yerinde de\u011ferlendirir ve an\u0131nda \u00f6deme yapar. <\/p>\n<p> Profesyonel ekibimiz, MacBook Pro \u00fcr\u00fcn\u00fcn\u00fcz\u00fcn de\u011ferini belirlerken g\u00fcncel piyasa analizlerini kullan\u0131r ve size en adil fiyat teklifini sunar. M\u00fc\u015fteri memnuniyetini \u00f6n planda tutarak, ikinci el elektronik cihazlar\u0131n\u0131z\u0131 satarken stressiz bir deneyim ya\u015faman\u0131z\u0131 sa\u011fl\u0131yoruz. <\/p>\n<p> Neden bizi tercih etmelisiniz? \u00c7\u00fcnk\u00fc <a href='https:\/\/laptopistanbul.com\/laptop-alan-yerler.html' title='laptop alan yerler'>LaptopIstanbul.com<\/a>, g\u00fcvenilirlik, h\u0131zl\u0131 i\u015flem ve en iyi fiyat garantisi sunar. \u0130ster eski bir laptop, ister kullan\u0131lm\u0131\u015f bir ak\u0131ll\u0131 bilgisayar olsun, her marka ve model cihaz\u0131n\u0131z\u0131 titizlikle de\u011ferlendiriyoruz. \u0130stanbul\u2019un her k\u00f6\u015fesinde hizmetinizdeyiz! <\/p>\n<p> Hemen bizimle ileti\u015fime ge\u00e7mek i\u00e7in <strong>0532 529 9280<\/strong> numaral\u0131 bilgisayaru arayabilir veya <a href='https:\/\/laptopistanbul.com\/laptop-alan-yerler.html' title='laptop alan yerler'>web sitemizi<\/a> ziyaret edebilirsiniz. MacBook Pro \u00fcr\u00fcn\u00fcn\u00fcz\u00fc de\u011ferinde satmak i\u00e7in daha fazla beklemeyin!<\/p>\n","protected":false},"excerpt":{"rendered":"<p>\u0130stanbul\u2019un her semtinde ikinci el laptop, bilgisayar, tablet ve di\u011fer elektronik cihazlar\u0131n\u0131z\u0131 en iyi fiyatlarla sat\u0131n alan LaptopIstanbul.com\u2019a ho\u015f geldiniz! MacBook Pro \u00fcr\u00fcn\u00fcn\u00fcz\u00fc h\u0131zl\u0131, g\u00fcvenilir ve \u015feffaf bir \u015fekilde nakde \u00e7evirmek i\u00e7in do\u011fru adrestesiniz. Be\u015fikta\u015f, Kad\u0131k\u00f6y, \u00dcsk\u00fcdar, \u015ei\u015fli, Beylikd\u00fcz\u00fc veya \u0130stanbul\u2019un herhangi bir noktas\u0131nda olsan\u0131z da, mobil ekiplerimiz adresinize gelerek cihaz\u0131n\u0131z\u0131 yerinde de\u011ferlendirir ve an\u0131nda &#8230; <a title=\"\u0130kinci El MacBook Pro Alan Yerler\" class=\"read-more\" href=\"https:\/\/laptopistanbul.com\/blog\/ikinci-el-macbook-pro-alan-yerler\/\" aria-label=\"Read more about \u0130kinci El MacBook Pro Alan Yerler\">Devam\u0131n\u0131 oku<\/a><\/p>\n","protected":false},"author":2,"featured_media":257,"comment_status":"","ping_status":"","sticky":false,"template":"","format":"standard","meta":{"footnotes":""},"categories":[1],"tags":[8,5,7,9,10,4,6],"class_list":["post-329","post","type-post","status-publish","format-standard","has-post-thumbnail","hentry","category-laptop","tag-2-el-bilgisayar-alan-yerler","tag-bilgisayar-alan-yerler","tag-ikinci-el-bilgisayar-alan-yerler","tag-istanbul-bilgisayar-alan-yerler","tag-istanbul-laptop-alan-yerler","tag-laptop-alan-yerler","tag-laptop-satin-alan-yerler"],"yoast_head":"<!-- This site is optimized with the Yoast SEO plugin v27.3 - https:\/\/yoast.com\/product\/yoast-seo-wordpress\/ -->\n<title>\u0130kinci El MacBook Pro Alan Yerler<\/title>\n<meta name=\"description\" content=\"S\u0131f\u0131r ve \u0130kinci El Laptop Sat\u0131n Al\u0131m Merkezi - Hemen \u0130leti\u015fime Ge\u00e7 0532 529 9280\" \/>\n<meta name=\"robots\" content=\"index, follow, max-snippet:-1, max-image-preview:large, max-video-preview:-1\" \/>\n<link rel=\"canonical\" href=\"https:\/\/laptopistanbul.com\/blog\/ikinci-el-macbook-pro-alan-yerler\/\" \/>\n<meta property=\"og:locale\" content=\"tr_TR\" \/>\n<meta property=\"og:type\" content=\"article\" \/>\n<meta property=\"og:title\" content=\"\u0130kinci El MacBook Pro Alan Yerler\" \/>\n<meta property=\"og:description\" content=\"S\u0131f\u0131r ve \u0130kinci El Laptop Sat\u0131n Al\u0131m Merkezi - Hemen \u0130leti\u015fime Ge\u00e7 0532 529 9280\" \/>\n<meta property=\"og:url\" content=\"https:\/\/laptopistanbul.com\/blog\/ikinci-el-macbook-pro-alan-yerler\/\" \/>\n<meta property=\"og:site_name\" content=\"Laptop Alan Yerler - laptopistanbul.com\" \/>\n<meta property=\"article:published_time\" content=\"2025-07-02T09:00:00+00:00\" \/>\n<meta property=\"og:image\" content=\"https:\/\/laptopistanbul.com\/blog\/wp-content\/uploads\/2025\/06\/apple-laptop-alan-yerler.jpg\" \/>\n\t<meta property=\"og:image:width\" content=\"1115\" \/>\n\t<meta property=\"og:image:height\" content=\"1115\" \/>\n\t<meta property=\"og:image:type\" content=\"image\/jpeg\" \/>\n<meta name=\"author\" content=\"laptop-alan-yerler\" \/>\n<meta name=\"twitter:card\" content=\"summary_large_image\" \/>\n<meta name=\"twitter:creator\" content=\"@laptopistanbul\" \/>\n<meta name=\"twitter:site\" content=\"@laptopistanbul\" \/>\n<meta name=\"twitter:label1\" content=\"Yazan:\" \/>\n\t<meta name=\"twitter:data1\" content=\"laptop-alan-yerler\" \/>\n\t<meta name=\"twitter:label2\" content=\"Tahmini okuma s\u00fcresi\" \/>\n\t<meta name=\"twitter:data2\" content=\"1 dakika\" \/>\n<script type=\"application\/ld+json\" class=\"yoast-schema-graph\">{\"@context\":\"https:\\\/\\\/schema.org\",\"@graph\":[{\"@type\":\"Article\",\"@id\":\"https:\\\/\\\/laptopistanbul.com\\\/blog\\\/ikinci-el-macbook-pro-alan-yerler\\\/#article\",\"isPartOf\":{\"@id\":\"https:\\\/\\\/laptopistanbul.com\\\/blog\\\/ikinci-el-macbook-pro-alan-yerler\\\/\"},\"author\":{\"name\":\"laptop-alan-yerler\",\"@id\":\"https:\\\/\\\/laptopistanbul.com\\\/blog\\\/#\\\/schema\\\/person\\\/48fc26f43d805668d52592910e7f0d53\"},\"headline\":\"\u0130kinci El MacBook Pro Alan Yerler\",\"datePublished\":\"2025-07-02T09:00:00+00:00\",\"mainEntityOfPage\":{\"@id\":\"https:\\\/\\\/laptopistanbul.com\\\/blog\\\/ikinci-el-macbook-pro-alan-yerler\\\/\"},\"wordCount\":214,\"publisher\":{\"@id\":\"https:\\\/\\\/laptopistanbul.com\\\/blog\\\/#organization\"},\"image\":{\"@id\":\"https:\\\/\\\/laptopistanbul.com\\\/blog\\\/ikinci-el-macbook-pro-alan-yerler\\\/#primaryimage\"},\"thumbnailUrl\":\"https:\\\/\\\/laptopistanbul.com\\\/blog\\\/wp-content\\\/uploads\\\/2025\\\/06\\\/apple-laptop-alan-yerler.jpg\",\"keywords\":[\"2. el bilgisayar alan yerler\",\"bilgisayar alan yerler\",\"ikinci el bilgisayar alan yerler\",\"istanbul bilgisayar alan yerler\",\"istanbul laptop alan yerler\",\"laptop alan yerler\",\"laptop sat\u0131n alan yerler\"],\"articleSection\":[\"laptop\"],\"inLanguage\":\"tr\"},{\"@type\":\"WebPage\",\"@id\":\"https:\\\/\\\/laptopistanbul.com\\\/blog\\\/ikinci-el-macbook-pro-alan-yerler\\\/\",\"url\":\"https:\\\/\\\/laptopistanbul.com\\\/blog\\\/ikinci-el-macbook-pro-alan-yerler\\\/\",\"name\":\"\u0130kinci El MacBook Pro Alan Yerler\",\"isPartOf\":{\"@id\":\"https:\\\/\\\/laptopistanbul.com\\\/blog\\\/#website\"},\"primaryImageOfPage\":{\"@id\":\"https:\\\/\\\/laptopistanbul.com\\\/blog\\\/ikinci-el-macbook-pro-alan-yerler\\\/#primaryimage\"},\"image\":{\"@id\":\"https:\\\/\\\/laptopistanbul.com\\\/blog\\\/ikinci-el-macbook-pro-alan-yerler\\\/#primaryimage\"},\"thumbnailUrl\":\"https:\\\/\\\/laptopistanbul.com\\\/blog\\\/wp-content\\\/uploads\\\/2025\\\/06\\\/apple-laptop-alan-yerler.jpg\",\"datePublished\":\"2025-07-02T09:00:00+00:00\",\"description\":\"S\u0131f\u0131r ve \u0130kinci El Laptop Sat\u0131n Al\u0131m Merkezi - Hemen \u0130leti\u015fime Ge\u00e7 0532 529 9280\",\"breadcrumb\":{\"@id\":\"https:\\\/\\\/laptopistanbul.com\\\/blog\\\/ikinci-el-macbook-pro-alan-yerler\\\/#breadcrumb\"},\"inLanguage\":\"tr\",\"potentialAction\":[{\"@type\":\"ReadAction\",\"target\":[\"https:\\\/\\\/laptopistanbul.com\\\/blog\\\/ikinci-el-macbook-pro-alan-yerler\\\/\"]}]},{\"@type\":\"ImageObject\",\"inLanguage\":\"tr\",\"@id\":\"https:\\\/\\\/laptopistanbul.com\\\/blog\\\/ikinci-el-macbook-pro-alan-yerler\\\/#primaryimage\",\"url\":\"https:\\\/\\\/laptopistanbul.com\\\/blog\\\/wp-content\\\/uploads\\\/2025\\\/06\\\/apple-laptop-alan-yerler.jpg\",\"contentUrl\":\"https:\\\/\\\/laptopistanbul.com\\\/blog\\\/wp-content\\\/uploads\\\/2025\\\/06\\\/apple-laptop-alan-yerler.jpg\",\"width\":1115,\"height\":1115,\"caption\":\"MacBook Alan Yerler\"},{\"@type\":\"BreadcrumbList\",\"@id\":\"https:\\\/\\\/laptopistanbul.com\\\/blog\\\/ikinci-el-macbook-pro-alan-yerler\\\/#breadcrumb\",\"itemListElement\":[{\"@type\":\"ListItem\",\"position\":1,\"name\":\"Anasayfa\",\"item\":\"https:\\\/\\\/laptopistanbul.com\\\/blog\\\/\"},{\"@type\":\"ListItem\",\"position\":2,\"name\":\"\u0130kinci El MacBook Pro Alan Yerler\"}]},{\"@type\":\"WebSite\",\"@id\":\"https:\\\/\\\/laptopistanbul.com\\\/blog\\\/#website\",\"url\":\"https:\\\/\\\/laptopistanbul.com\\\/blog\\\/\",\"name\":\"Laptop Alan Yerler\",\"description\":\"S\u0131f\u0131r ve \u0130kinci El Laptop Alan Yerler\",\"publisher\":{\"@id\":\"https:\\\/\\\/laptopistanbul.com\\\/blog\\\/#organization\"},\"potentialAction\":[{\"@type\":\"SearchAction\",\"target\":{\"@type\":\"EntryPoint\",\"urlTemplate\":\"https:\\\/\\\/laptopistanbul.com\\\/blog\\\/?s={search_term_string}\"},\"query-input\":{\"@type\":\"PropertyValueSpecification\",\"valueRequired\":true,\"valueName\":\"search_term_string\"}}],\"inLanguage\":\"tr\"},{\"@type\":\"Organization\",\"@id\":\"https:\\\/\\\/laptopistanbul.com\\\/blog\\\/#organization\",\"name\":\"laptopistanbul.com\",\"alternateName\":\"Laptop \u0130stanbul\",\"url\":\"https:\\\/\\\/laptopistanbul.com\\\/blog\\\/\",\"logo\":{\"@type\":\"ImageObject\",\"inLanguage\":\"tr\",\"@id\":\"https:\\\/\\\/laptopistanbul.com\\\/blog\\\/#\\\/schema\\\/logo\\\/image\\\/\",\"url\":\"https:\\\/\\\/laptopistanbul.com\\\/blog\\\/wp-content\\\/uploads\\\/2025\\\/07\\\/logo.png\",\"contentUrl\":\"https:\\\/\\\/laptopistanbul.com\\\/blog\\\/wp-content\\\/uploads\\\/2025\\\/07\\\/logo.png\",\"width\":375,\"height\":75,\"caption\":\"laptopistanbul.com\"},\"image\":{\"@id\":\"https:\\\/\\\/laptopistanbul.com\\\/blog\\\/#\\\/schema\\\/logo\\\/image\\\/\"},\"sameAs\":[\"https:\\\/\\\/x.com\\\/laptopistanbul\"]},{\"@type\":\"Person\",\"@id\":\"https:\\\/\\\/laptopistanbul.com\\\/blog\\\/#\\\/schema\\\/person\\\/48fc26f43d805668d52592910e7f0d53\",\"name\":\"laptop-alan-yerler\",\"url\":\"https:\\\/\\\/laptopistanbul.com\\\/blog\\\/author\\\/laptop-alan-yerler\\\/\"}]}<\/script>\n<!-- \/ Yoast SEO plugin. -->","yoast_head_json":{"title":"\u0130kinci El MacBook Pro Alan Yerler","description":"S\u0131f\u0131r ve \u0130kinci El Laptop Sat\u0131n Al\u0131m Merkezi - Hemen \u0130leti\u015fime Ge\u00e7 0532 529 9280","robots":{"index":"index","follow":"follow","max-snippet":"max-snippet:-1","max-image-preview":"max-image-preview:large","max-video-preview":"max-video-preview:-1"},"canonical":"https:\/\/laptopistanbul.com\/blog\/ikinci-el-macbook-pro-alan-yerler\/","og_locale":"tr_TR","og_type":"article","og_title":"\u0130kinci El MacBook Pro Alan Yerler","og_description":"S\u0131f\u0131r ve \u0130kinci El Laptop Sat\u0131n Al\u0131m Merkezi - Hemen \u0130leti\u015fime Ge\u00e7 0532 529 9280","og_url":"https:\/\/laptopistanbul.com\/blog\/ikinci-el-macbook-pro-alan-yerler\/","og_site_name":"Laptop Alan Yerler - laptopistanbul.com","article_published_time":"2025-07-02T09:00:00+00:00","og_image":[{"width":1115,"height":1115,"url":"https:\/\/laptopistanbul.com\/blog\/wp-content\/uploads\/2025\/06\/apple-laptop-alan-yerler.jpg","type":"image\/jpeg"}],"author":"laptop-alan-yerler","twitter_card":"summary_large_image","twitter_creator":"@laptopistanbul","twitter_site":"@laptopistanbul","twitter_misc":{"Yazan:":"laptop-alan-yerler","Tahmini okuma s\u00fcresi":"1 dakika"},"schema":{"@context":"https:\/\/schema.org","@graph":[{"@type":"Article","@id":"https:\/\/laptopistanbul.com\/blog\/ikinci-el-macbook-pro-alan-yerler\/#article","isPartOf":{"@id":"https:\/\/laptopistanbul.com\/blog\/ikinci-el-macbook-pro-alan-yerler\/"},"author":{"name":"laptop-alan-yerler","@id":"https:\/\/laptopistanbul.com\/blog\/#\/schema\/person\/48fc26f43d805668d52592910e7f0d53"},"headline":"\u0130kinci El MacBook Pro Alan Yerler","datePublished":"2025-07-02T09:00:00+00:00","mainEntityOfPage":{"@id":"https:\/\/laptopistanbul.com\/blog\/ikinci-el-macbook-pro-alan-yerler\/"},"wordCount":214,"publisher":{"@id":"https:\/\/laptopistanbul.com\/blog\/#organization"},"image":{"@id":"https:\/\/laptopistanbul.com\/blog\/ikinci-el-macbook-pro-alan-yerler\/#primaryimage"},"thumbnailUrl":"https:\/\/laptopistanbul.com\/blog\/wp-content\/uploads\/2025\/06\/apple-laptop-alan-yerler.jpg","keywords":["2. el bilgisayar alan yerler","bilgisayar alan yerler","ikinci el bilgisayar alan yerler","istanbul bilgisayar alan yerler","istanbul laptop alan yerler","laptop alan yerler","laptop sat\u0131n alan yerler"],"articleSection":["laptop"],"inLanguage":"tr"},{"@type":"WebPage","@id":"https:\/\/laptopistanbul.com\/blog\/ikinci-el-macbook-pro-alan-yerler\/","url":"https:\/\/laptopistanbul.com\/blog\/ikinci-el-macbook-pro-alan-yerler\/","name":"\u0130kinci El MacBook Pro Alan Yerler","isPartOf":{"@id":"https:\/\/laptopistanbul.com\/blog\/#website"},"primaryImageOfPage":{"@id":"https:\/\/laptopistanbul.com\/blog\/ikinci-el-macbook-pro-alan-yerler\/#primaryimage"},"image":{"@id":"https:\/\/laptopistanbul.com\/blog\/ikinci-el-macbook-pro-alan-yerler\/#primaryimage"},"thumbnailUrl":"https:\/\/laptopistanbul.com\/blog\/wp-content\/uploads\/2025\/06\/apple-laptop-alan-yerler.jpg","datePublished":"2025-07-02T09:00:00+00:00","description":"S\u0131f\u0131r ve \u0130kinci El Laptop Sat\u0131n Al\u0131m Merkezi - Hemen \u0130leti\u015fime Ge\u00e7 0532 529 9280","breadcrumb":{"@id":"https:\/\/laptopistanbul.com\/blog\/ikinci-el-macbook-pro-alan-yerler\/#breadcrumb"},"inLanguage":"tr","potentialAction":[{"@type":"ReadAction","target":["https:\/\/laptopistanbul.com\/blog\/ikinci-el-macbook-pro-alan-yerler\/"]}]},{"@type":"ImageObject","inLanguage":"tr","@id":"https:\/\/laptopistanbul.com\/blog\/ikinci-el-macbook-pro-alan-yerler\/#primaryimage","url":"https:\/\/laptopistanbul.com\/blog\/wp-content\/uploads\/2025\/06\/apple-laptop-alan-yerler.jpg","contentUrl":"https:\/\/laptopistanbul.com\/blog\/wp-content\/uploads\/2025\/06\/apple-laptop-alan-yerler.jpg","width":1115,"height":1115,"caption":"MacBook Alan Yerler"},{"@type":"BreadcrumbList","@id":"https:\/\/laptopistanbul.com\/blog\/ikinci-el-macbook-pro-alan-yerler\/#breadcrumb","itemListElement":[{"@type":"ListItem","position":1,"name":"Anasayfa","item":"https:\/\/laptopistanbul.com\/blog\/"},{"@type":"ListItem","position":2,"name":"\u0130kinci El MacBook Pro Alan Yerler"}]},{"@type":"WebSite","@id":"https:\/\/laptopistanbul.com\/blog\/#website","url":"https:\/\/laptopistanbul.com\/blog\/","name":"Laptop Alan Yerler","description":"S\u0131f\u0131r ve \u0130kinci El Laptop Alan Yerler","publisher":{"@id":"https:\/\/laptopistanbul.com\/blog\/#organization"},"potentialAction":[{"@type":"SearchAction","target":{"@type":"EntryPoint","urlTemplate":"https:\/\/laptopistanbul.com\/blog\/?s={search_term_string}"},"query-input":{"@type":"PropertyValueSpecification","valueRequired":true,"valueName":"search_term_string"}}],"inLanguage":"tr"},{"@type":"Organization","@id":"https:\/\/laptopistanbul.com\/blog\/#organization","name":"laptopistanbul.com","alternateName":"Laptop \u0130stanbul","url":"https:\/\/laptopistanbul.com\/blog\/","logo":{"@type":"ImageObject","inLanguage":"tr","@id":"https:\/\/laptopistanbul.com\/blog\/#\/schema\/logo\/image\/","url":"https:\/\/laptopistanbul.com\/blog\/wp-content\/uploads\/2025\/07\/logo.png","contentUrl":"https:\/\/laptopistanbul.com\/blog\/wp-content\/uploads\/2025\/07\/logo.png","width":375,"height":75,"caption":"laptopistanbul.com"},"image":{"@id":"https:\/\/laptopistanbul.com\/blog\/#\/schema\/logo\/image\/"},"sameAs":["https:\/\/x.com\/laptopistanbul"]},{"@type":"Person","@id":"https:\/\/laptopistanbul.com\/blog\/#\/schema\/person\/48fc26f43d805668d52592910e7f0d53","name":"laptop-alan-yerler","url":"https:\/\/laptopistanbul.com\/blog\/author\/laptop-alan-yerler\/"}]}},"_links":{"self":[{"href":"https:\/\/laptopistanbul.com\/blog\/wp-json\/wp\/v2\/posts\/329","targetHints":{"allow":["GET"]}}],"collection":[{"href":"https:\/\/laptopistanbul.com\/blog\/wp-json\/wp\/v2\/posts"}],"about":[{"href":"https:\/\/laptopistanbul.com\/blog\/wp-json\/wp\/v2\/types\/post"}],"author":[{"embeddable":true,"href":"https:\/\/laptopistanbul.com\/blog\/wp-json\/wp\/v2\/users\/2"}],"replies":[{"embeddable":true,"href":"https:\/\/laptopistanbul.com\/blog\/wp-json\/wp\/v2\/comments?post=329"}],"version-history":[{"count":1,"href":"https:\/\/laptopistanbul.com\/blog\/wp-json\/wp\/v2\/posts\/329\/revisions"}],"predecessor-version":[{"id":462,"href":"https:\/\/laptopistanbul.com\/blog\/wp-json\/wp\/v2\/posts\/329\/revisions\/462"}],"wp:featuredmedia":[{"embeddable":true,"href":"https:\/\/laptopistanbul.com\/blog\/wp-json\/wp\/v2\/media\/257"}],"wp:attachment":[{"href":"https:\/\/laptopistanbul.com\/blog\/wp-json\/wp\/v2\/media?parent=329"}],"wp:term":[{"taxonomy":"category","embeddable":true,"href":"https:\/\/laptopistanbul.com\/blog\/wp-json\/wp\/v2\/categories?post=329"},{"taxonomy":"post_tag","embeddable":true,"href":"https:\/\/laptopistanbul.com\/blog\/wp-json\/wp\/v2\/tags?post=329"}],"curies":[{"name":"wp","href":"https:\/\/api.w.org\/{rel}","templated":true}]}}