{"id":286,"date":"2025-07-10T09:00:00","date_gmt":"2025-07-10T09:00:00","guid":{"rendered":"https:\/\/laptopistanbul.com\/blog\/?p=286"},"modified":"2025-07-10T09:00:00","modified_gmt":"2025-07-10T09:00:00","slug":"apple-macbook-pro-degerinde-sat","status":"publish","type":"post","link":"https:\/\/laptopistanbul.com\/blog\/apple-macbook-pro-degerinde-sat\/","title":{"rendered":"Apple MacBook Pro De\u011ferinde Sat"},"content":{"rendered":"<p>\u0130stanbul\u2019un neresinde olursan\u0131z olun, ikinci el Apple MacBook Pro cihazlar\u0131n\u0131z\u0131 evinizden \u00e7\u0131kmadan satabilirsiniz! <a href='https:\/\/laptopistanbul.com' title='laptop alan yerler'>LaptopIstanbul.com<\/a>, mobil ekipleriyle \u0130stanbul\u2019un t\u00fcm semtlerine ula\u015farak cihazlar\u0131n\u0131z\u0131 yerinde de\u011ferlendiriyor ve an\u0131nda \u00f6deme yap\u0131yor. <\/p>\n<p> bilgisayar, tablet, diz\u00fcst\u00fc bilgisayar, laptop gibi her t\u00fcrl\u00fc elektronik cihaz\u0131n\u0131z\u0131 en iyi fiyatlarla sat\u0131n al\u0131yoruz. Marka veya model fark etmeksizin t\u00fcm cihazlar\u0131n\u0131z\u0131 titizlikle de\u011ferlendiriyoruz. Uzman ekibimiz, en g\u00fcncel piyasa fiyatlar\u0131n\u0131 analiz ederek size en adil teklifi sunar. <\/p>\n<p> <a href='https:\/\/laptopistanbul.com' title='laptop alan yerler'>LaptopIstanbul.com<\/a> olarak, h\u0131zl\u0131, g\u00fcvenilir ve m\u00fc\u015fteri odakl\u0131 bir hizmet sunuyoruz. Online de\u011ferlendirme sistemimizle cihaz\u0131n\u0131z\u0131n de\u011ferini \u00f6\u011frenmek i\u00e7in foto\u011fraflar\u0131n\u0131 y\u00fcklemeniz yeterli. Mobil ekiplerimiz, adresinize gelerek cihaz\u0131n\u0131z\u0131 inceler ve sat\u0131\u015f i\u015flemini an\u0131nda tamamlar. <\/p>\n<p> \u0130stanbul\u2019un her semtinde ikinci el elektronik cihazlar\u0131n\u0131z\u0131 satmak i\u00e7in bize ula\u015f\u0131n. \u0130leti\u015fim i\u00e7in: <strong>0532 529 9280<\/strong>. Daha fazla bilgi ve de\u011ferlendirme i\u00e7in <a href='https:\/\/laptopistanbul.com' title='laptop alan yerler'>web sitemizi<\/a> ziyaret edin. Apple MacBook Pro cihaz\u0131n\u0131z\u0131 de\u011ferinde satmak i\u00e7in do\u011fru zaman \u015fimdi!<\/p>\n","protected":false},"excerpt":{"rendered":"<p>\u0130stanbul\u2019un neresinde olursan\u0131z olun, ikinci el Apple MacBook Pro cihazlar\u0131n\u0131z\u0131 evinizden \u00e7\u0131kmadan satabilirsiniz! LaptopIstanbul.com, mobil ekipleriyle \u0130stanbul\u2019un t\u00fcm semtlerine ula\u015farak cihazlar\u0131n\u0131z\u0131 yerinde de\u011ferlendiriyor ve an\u0131nda \u00f6deme yap\u0131yor. bilgisayar, tablet, diz\u00fcst\u00fc bilgisayar, laptop gibi her t\u00fcrl\u00fc elektronik cihaz\u0131n\u0131z\u0131 en iyi fiyatlarla sat\u0131n al\u0131yoruz. Marka veya model fark etmeksizin t\u00fcm cihazlar\u0131n\u0131z\u0131 titizlikle de\u011ferlendiriyoruz. Uzman ekibimiz, en g\u00fcncel &#8230; <a title=\"Apple MacBook Pro De\u011ferinde Sat\" class=\"read-more\" href=\"https:\/\/laptopistanbul.com\/blog\/apple-macbook-pro-degerinde-sat\/\" aria-label=\"Read more about Apple MacBook Pro De\u011ferinde Sat\">Devam\u0131n\u0131 oku<\/a><\/p>\n","protected":false},"author":2,"featured_media":257,"comment_status":"","ping_status":"","sticky":false,"template":"","format":"standard","meta":{"footnotes":""},"categories":[1],"tags":[8,5,7,9,10,4,6],"class_list":["post-286","post","type-post","status-publish","format-standard","has-post-thumbnail","hentry","category-laptop","tag-2-el-bilgisayar-alan-yerler","tag-bilgisayar-alan-yerler","tag-ikinci-el-bilgisayar-alan-yerler","tag-istanbul-bilgisayar-alan-yerler","tag-istanbul-laptop-alan-yerler","tag-laptop-alan-yerler","tag-laptop-satin-alan-yerler"],"yoast_head":"<!-- This site is optimized with the Yoast SEO plugin v27.3 - https:\/\/yoast.com\/product\/yoast-seo-wordpress\/ -->\n<title>Apple MacBook Pro De\u011ferinde Sat<\/title>\n<meta name=\"description\" content=\"S\u0131f\u0131r ve \u0130kinci El Laptop Sat\u0131n Al\u0131m Merkezi - Hemen \u0130leti\u015fime Ge\u00e7 0532 529 9280\" \/>\n<meta name=\"robots\" content=\"index, follow, max-snippet:-1, max-image-preview:large, max-video-preview:-1\" \/>\n<link rel=\"canonical\" href=\"https:\/\/laptopistanbul.com\/blog\/apple-macbook-pro-degerinde-sat\/\" \/>\n<meta property=\"og:locale\" content=\"tr_TR\" \/>\n<meta property=\"og:type\" content=\"article\" \/>\n<meta property=\"og:title\" content=\"Apple MacBook Pro De\u011ferinde Sat\" \/>\n<meta property=\"og:description\" content=\"S\u0131f\u0131r ve \u0130kinci El Laptop Sat\u0131n Al\u0131m Merkezi - Hemen \u0130leti\u015fime Ge\u00e7 0532 529 9280\" \/>\n<meta property=\"og:url\" content=\"https:\/\/laptopistanbul.com\/blog\/apple-macbook-pro-degerinde-sat\/\" \/>\n<meta property=\"og:site_name\" content=\"Laptop Alan Yerler - laptopistanbul.com\" \/>\n<meta property=\"article:published_time\" content=\"2025-07-10T09:00:00+00:00\" \/>\n<meta property=\"og:image\" content=\"https:\/\/laptopistanbul.com\/blog\/wp-content\/uploads\/2025\/06\/apple-laptop-alan-yerler.jpg\" \/>\n\t<meta property=\"og:image:width\" content=\"1115\" \/>\n\t<meta property=\"og:image:height\" content=\"1115\" \/>\n\t<meta property=\"og:image:type\" content=\"image\/jpeg\" \/>\n<meta name=\"author\" content=\"laptop-alan-yerler\" \/>\n<meta name=\"twitter:card\" content=\"summary_large_image\" \/>\n<meta name=\"twitter:creator\" content=\"@laptopistanbul\" \/>\n<meta name=\"twitter:site\" content=\"@laptopistanbul\" \/>\n<meta name=\"twitter:label1\" content=\"Yazan:\" \/>\n\t<meta name=\"twitter:data1\" content=\"laptop-alan-yerler\" \/>\n\t<meta name=\"twitter:label2\" content=\"Tahmini okuma s\u00fcresi\" \/>\n\t<meta name=\"twitter:data2\" content=\"1 dakika\" \/>\n<script type=\"application\/ld+json\" class=\"yoast-schema-graph\">{\"@context\":\"https:\\\/\\\/schema.org\",\"@graph\":[{\"@type\":\"Article\",\"@id\":\"https:\\\/\\\/laptopistanbul.com\\\/blog\\\/apple-macbook-pro-degerinde-sat\\\/#article\",\"isPartOf\":{\"@id\":\"https:\\\/\\\/laptopistanbul.com\\\/blog\\\/apple-macbook-pro-degerinde-sat\\\/\"},\"author\":{\"name\":\"laptop-alan-yerler\",\"@id\":\"https:\\\/\\\/laptopistanbul.com\\\/blog\\\/#\\\/schema\\\/person\\\/48fc26f43d805668d52592910e7f0d53\"},\"headline\":\"Apple MacBook Pro De\u011ferinde Sat\",\"datePublished\":\"2025-07-10T09:00:00+00:00\",\"mainEntityOfPage\":{\"@id\":\"https:\\\/\\\/laptopistanbul.com\\\/blog\\\/apple-macbook-pro-degerinde-sat\\\/\"},\"wordCount\":190,\"publisher\":{\"@id\":\"https:\\\/\\\/laptopistanbul.com\\\/blog\\\/#organization\"},\"image\":{\"@id\":\"https:\\\/\\\/laptopistanbul.com\\\/blog\\\/apple-macbook-pro-degerinde-sat\\\/#primaryimage\"},\"thumbnailUrl\":\"https:\\\/\\\/laptopistanbul.com\\\/blog\\\/wp-content\\\/uploads\\\/2025\\\/06\\\/apple-laptop-alan-yerler.jpg\",\"keywords\":[\"2. el bilgisayar alan yerler\",\"bilgisayar alan yerler\",\"ikinci el bilgisayar alan yerler\",\"istanbul bilgisayar alan yerler\",\"istanbul laptop alan yerler\",\"laptop alan yerler\",\"laptop sat\u0131n alan yerler\"],\"articleSection\":[\"laptop\"],\"inLanguage\":\"tr\"},{\"@type\":\"WebPage\",\"@id\":\"https:\\\/\\\/laptopistanbul.com\\\/blog\\\/apple-macbook-pro-degerinde-sat\\\/\",\"url\":\"https:\\\/\\\/laptopistanbul.com\\\/blog\\\/apple-macbook-pro-degerinde-sat\\\/\",\"name\":\"Apple MacBook Pro De\u011ferinde Sat\",\"isPartOf\":{\"@id\":\"https:\\\/\\\/laptopistanbul.com\\\/blog\\\/#website\"},\"primaryImageOfPage\":{\"@id\":\"https:\\\/\\\/laptopistanbul.com\\\/blog\\\/apple-macbook-pro-degerinde-sat\\\/#primaryimage\"},\"image\":{\"@id\":\"https:\\\/\\\/laptopistanbul.com\\\/blog\\\/apple-macbook-pro-degerinde-sat\\\/#primaryimage\"},\"thumbnailUrl\":\"https:\\\/\\\/laptopistanbul.com\\\/blog\\\/wp-content\\\/uploads\\\/2025\\\/06\\\/apple-laptop-alan-yerler.jpg\",\"datePublished\":\"2025-07-10T09:00:00+00:00\",\"description\":\"S\u0131f\u0131r ve \u0130kinci El Laptop Sat\u0131n Al\u0131m Merkezi - Hemen \u0130leti\u015fime Ge\u00e7 0532 529 9280\",\"breadcrumb\":{\"@id\":\"https:\\\/\\\/laptopistanbul.com\\\/blog\\\/apple-macbook-pro-degerinde-sat\\\/#breadcrumb\"},\"inLanguage\":\"tr\",\"potentialAction\":[{\"@type\":\"ReadAction\",\"target\":[\"https:\\\/\\\/laptopistanbul.com\\\/blog\\\/apple-macbook-pro-degerinde-sat\\\/\"]}]},{\"@type\":\"ImageObject\",\"inLanguage\":\"tr\",\"@id\":\"https:\\\/\\\/laptopistanbul.com\\\/blog\\\/apple-macbook-pro-degerinde-sat\\\/#primaryimage\",\"url\":\"https:\\\/\\\/laptopistanbul.com\\\/blog\\\/wp-content\\\/uploads\\\/2025\\\/06\\\/apple-laptop-alan-yerler.jpg\",\"contentUrl\":\"https:\\\/\\\/laptopistanbul.com\\\/blog\\\/wp-content\\\/uploads\\\/2025\\\/06\\\/apple-laptop-alan-yerler.jpg\",\"width\":1115,\"height\":1115,\"caption\":\"MacBook Alan Yerler\"},{\"@type\":\"BreadcrumbList\",\"@id\":\"https:\\\/\\\/laptopistanbul.com\\\/blog\\\/apple-macbook-pro-degerinde-sat\\\/#breadcrumb\",\"itemListElement\":[{\"@type\":\"ListItem\",\"position\":1,\"name\":\"Anasayfa\",\"item\":\"https:\\\/\\\/laptopistanbul.com\\\/blog\\\/\"},{\"@type\":\"ListItem\",\"position\":2,\"name\":\"Apple MacBook Pro De\u011ferinde Sat\"}]},{\"@type\":\"WebSite\",\"@id\":\"https:\\\/\\\/laptopistanbul.com\\\/blog\\\/#website\",\"url\":\"https:\\\/\\\/laptopistanbul.com\\\/blog\\\/\",\"name\":\"Laptop Alan Yerler\",\"description\":\"S\u0131f\u0131r ve \u0130kinci El Laptop Alan Yerler\",\"publisher\":{\"@id\":\"https:\\\/\\\/laptopistanbul.com\\\/blog\\\/#organization\"},\"potentialAction\":[{\"@type\":\"SearchAction\",\"target\":{\"@type\":\"EntryPoint\",\"urlTemplate\":\"https:\\\/\\\/laptopistanbul.com\\\/blog\\\/?s={search_term_string}\"},\"query-input\":{\"@type\":\"PropertyValueSpecification\",\"valueRequired\":true,\"valueName\":\"search_term_string\"}}],\"inLanguage\":\"tr\"},{\"@type\":\"Organization\",\"@id\":\"https:\\\/\\\/laptopistanbul.com\\\/blog\\\/#organization\",\"name\":\"laptopistanbul.com\",\"alternateName\":\"Laptop \u0130stanbul\",\"url\":\"https:\\\/\\\/laptopistanbul.com\\\/blog\\\/\",\"logo\":{\"@type\":\"ImageObject\",\"inLanguage\":\"tr\",\"@id\":\"https:\\\/\\\/laptopistanbul.com\\\/blog\\\/#\\\/schema\\\/logo\\\/image\\\/\",\"url\":\"https:\\\/\\\/laptopistanbul.com\\\/blog\\\/wp-content\\\/uploads\\\/2025\\\/07\\\/logo.png\",\"contentUrl\":\"https:\\\/\\\/laptopistanbul.com\\\/blog\\\/wp-content\\\/uploads\\\/2025\\\/07\\\/logo.png\",\"width\":375,\"height\":75,\"caption\":\"laptopistanbul.com\"},\"image\":{\"@id\":\"https:\\\/\\\/laptopistanbul.com\\\/blog\\\/#\\\/schema\\\/logo\\\/image\\\/\"},\"sameAs\":[\"https:\\\/\\\/x.com\\\/laptopistanbul\"]},{\"@type\":\"Person\",\"@id\":\"https:\\\/\\\/laptopistanbul.com\\\/blog\\\/#\\\/schema\\\/person\\\/48fc26f43d805668d52592910e7f0d53\",\"name\":\"laptop-alan-yerler\",\"url\":\"https:\\\/\\\/laptopistanbul.com\\\/blog\\\/author\\\/laptop-alan-yerler\\\/\"}]}<\/script>\n<!-- \/ Yoast SEO plugin. -->","yoast_head_json":{"title":"Apple MacBook Pro De\u011ferinde Sat","description":"S\u0131f\u0131r ve \u0130kinci El Laptop Sat\u0131n Al\u0131m Merkezi - Hemen \u0130leti\u015fime Ge\u00e7 0532 529 9280","robots":{"index":"index","follow":"follow","max-snippet":"max-snippet:-1","max-image-preview":"max-image-preview:large","max-video-preview":"max-video-preview:-1"},"canonical":"https:\/\/laptopistanbul.com\/blog\/apple-macbook-pro-degerinde-sat\/","og_locale":"tr_TR","og_type":"article","og_title":"Apple MacBook Pro De\u011ferinde Sat","og_description":"S\u0131f\u0131r ve \u0130kinci El Laptop Sat\u0131n Al\u0131m Merkezi - Hemen \u0130leti\u015fime Ge\u00e7 0532 529 9280","og_url":"https:\/\/laptopistanbul.com\/blog\/apple-macbook-pro-degerinde-sat\/","og_site_name":"Laptop Alan Yerler - laptopistanbul.com","article_published_time":"2025-07-10T09:00:00+00:00","og_image":[{"width":1115,"height":1115,"url":"https:\/\/laptopistanbul.com\/blog\/wp-content\/uploads\/2025\/06\/apple-laptop-alan-yerler.jpg","type":"image\/jpeg"}],"author":"laptop-alan-yerler","twitter_card":"summary_large_image","twitter_creator":"@laptopistanbul","twitter_site":"@laptopistanbul","twitter_misc":{"Yazan:":"laptop-alan-yerler","Tahmini okuma s\u00fcresi":"1 dakika"},"schema":{"@context":"https:\/\/schema.org","@graph":[{"@type":"Article","@id":"https:\/\/laptopistanbul.com\/blog\/apple-macbook-pro-degerinde-sat\/#article","isPartOf":{"@id":"https:\/\/laptopistanbul.com\/blog\/apple-macbook-pro-degerinde-sat\/"},"author":{"name":"laptop-alan-yerler","@id":"https:\/\/laptopistanbul.com\/blog\/#\/schema\/person\/48fc26f43d805668d52592910e7f0d53"},"headline":"Apple MacBook Pro De\u011ferinde Sat","datePublished":"2025-07-10T09:00:00+00:00","mainEntityOfPage":{"@id":"https:\/\/laptopistanbul.com\/blog\/apple-macbook-pro-degerinde-sat\/"},"wordCount":190,"publisher":{"@id":"https:\/\/laptopistanbul.com\/blog\/#organization"},"image":{"@id":"https:\/\/laptopistanbul.com\/blog\/apple-macbook-pro-degerinde-sat\/#primaryimage"},"thumbnailUrl":"https:\/\/laptopistanbul.com\/blog\/wp-content\/uploads\/2025\/06\/apple-laptop-alan-yerler.jpg","keywords":["2. el bilgisayar alan yerler","bilgisayar alan yerler","ikinci el bilgisayar alan yerler","istanbul bilgisayar alan yerler","istanbul laptop alan yerler","laptop alan yerler","laptop sat\u0131n alan yerler"],"articleSection":["laptop"],"inLanguage":"tr"},{"@type":"WebPage","@id":"https:\/\/laptopistanbul.com\/blog\/apple-macbook-pro-degerinde-sat\/","url":"https:\/\/laptopistanbul.com\/blog\/apple-macbook-pro-degerinde-sat\/","name":"Apple MacBook Pro De\u011ferinde Sat","isPartOf":{"@id":"https:\/\/laptopistanbul.com\/blog\/#website"},"primaryImageOfPage":{"@id":"https:\/\/laptopistanbul.com\/blog\/apple-macbook-pro-degerinde-sat\/#primaryimage"},"image":{"@id":"https:\/\/laptopistanbul.com\/blog\/apple-macbook-pro-degerinde-sat\/#primaryimage"},"thumbnailUrl":"https:\/\/laptopistanbul.com\/blog\/wp-content\/uploads\/2025\/06\/apple-laptop-alan-yerler.jpg","datePublished":"2025-07-10T09:00:00+00:00","description":"S\u0131f\u0131r ve \u0130kinci El Laptop Sat\u0131n Al\u0131m Merkezi - Hemen \u0130leti\u015fime Ge\u00e7 0532 529 9280","breadcrumb":{"@id":"https:\/\/laptopistanbul.com\/blog\/apple-macbook-pro-degerinde-sat\/#breadcrumb"},"inLanguage":"tr","potentialAction":[{"@type":"ReadAction","target":["https:\/\/laptopistanbul.com\/blog\/apple-macbook-pro-degerinde-sat\/"]}]},{"@type":"ImageObject","inLanguage":"tr","@id":"https:\/\/laptopistanbul.com\/blog\/apple-macbook-pro-degerinde-sat\/#primaryimage","url":"https:\/\/laptopistanbul.com\/blog\/wp-content\/uploads\/2025\/06\/apple-laptop-alan-yerler.jpg","contentUrl":"https:\/\/laptopistanbul.com\/blog\/wp-content\/uploads\/2025\/06\/apple-laptop-alan-yerler.jpg","width":1115,"height":1115,"caption":"MacBook Alan Yerler"},{"@type":"BreadcrumbList","@id":"https:\/\/laptopistanbul.com\/blog\/apple-macbook-pro-degerinde-sat\/#breadcrumb","itemListElement":[{"@type":"ListItem","position":1,"name":"Anasayfa","item":"https:\/\/laptopistanbul.com\/blog\/"},{"@type":"ListItem","position":2,"name":"Apple MacBook Pro De\u011ferinde Sat"}]},{"@type":"WebSite","@id":"https:\/\/laptopistanbul.com\/blog\/#website","url":"https:\/\/laptopistanbul.com\/blog\/","name":"Laptop Alan Yerler","description":"S\u0131f\u0131r ve \u0130kinci El Laptop Alan Yerler","publisher":{"@id":"https:\/\/laptopistanbul.com\/blog\/#organization"},"potentialAction":[{"@type":"SearchAction","target":{"@type":"EntryPoint","urlTemplate":"https:\/\/laptopistanbul.com\/blog\/?s={search_term_string}"},"query-input":{"@type":"PropertyValueSpecification","valueRequired":true,"valueName":"search_term_string"}}],"inLanguage":"tr"},{"@type":"Organization","@id":"https:\/\/laptopistanbul.com\/blog\/#organization","name":"laptopistanbul.com","alternateName":"Laptop \u0130stanbul","url":"https:\/\/laptopistanbul.com\/blog\/","logo":{"@type":"ImageObject","inLanguage":"tr","@id":"https:\/\/laptopistanbul.com\/blog\/#\/schema\/logo\/image\/","url":"https:\/\/laptopistanbul.com\/blog\/wp-content\/uploads\/2025\/07\/logo.png","contentUrl":"https:\/\/laptopistanbul.com\/blog\/wp-content\/uploads\/2025\/07\/logo.png","width":375,"height":75,"caption":"laptopistanbul.com"},"image":{"@id":"https:\/\/laptopistanbul.com\/blog\/#\/schema\/logo\/image\/"},"sameAs":["https:\/\/x.com\/laptopistanbul"]},{"@type":"Person","@id":"https:\/\/laptopistanbul.com\/blog\/#\/schema\/person\/48fc26f43d805668d52592910e7f0d53","name":"laptop-alan-yerler","url":"https:\/\/laptopistanbul.com\/blog\/author\/laptop-alan-yerler\/"}]}},"_links":{"self":[{"href":"https:\/\/laptopistanbul.com\/blog\/wp-json\/wp\/v2\/posts\/286","targetHints":{"allow":["GET"]}}],"collection":[{"href":"https:\/\/laptopistanbul.com\/blog\/wp-json\/wp\/v2\/posts"}],"about":[{"href":"https:\/\/laptopistanbul.com\/blog\/wp-json\/wp\/v2\/types\/post"}],"author":[{"embeddable":true,"href":"https:\/\/laptopistanbul.com\/blog\/wp-json\/wp\/v2\/users\/2"}],"replies":[{"embeddable":true,"href":"https:\/\/laptopistanbul.com\/blog\/wp-json\/wp\/v2\/comments?post=286"}],"version-history":[{"count":1,"href":"https:\/\/laptopistanbul.com\/blog\/wp-json\/wp\/v2\/posts\/286\/revisions"}],"predecessor-version":[{"id":569,"href":"https:\/\/laptopistanbul.com\/blog\/wp-json\/wp\/v2\/posts\/286\/revisions\/569"}],"wp:featuredmedia":[{"embeddable":true,"href":"https:\/\/laptopistanbul.com\/blog\/wp-json\/wp\/v2\/media\/257"}],"wp:attachment":[{"href":"https:\/\/laptopistanbul.com\/blog\/wp-json\/wp\/v2\/media?parent=286"}],"wp:term":[{"taxonomy":"category","embeddable":true,"href":"https:\/\/laptopistanbul.com\/blog\/wp-json\/wp\/v2\/categories?post=286"},{"taxonomy":"post_tag","embeddable":true,"href":"https:\/\/laptopistanbul.com\/blog\/wp-json\/wp\/v2\/tags?post=286"}],"curies":[{"name":"wp","href":"https:\/\/api.w.org\/{rel}","templated":true}]}}